{"id":9176,"date":"2026-09-04T17:38:23","date_gmt":"2026-09-04T16:38:23","guid":{"rendered":"https:\/\/conocersevilla.com\/wp\/?p=9176"},"modified":"2026-09-04T17:38:26","modified_gmt":"2026-09-04T16:38:26","slug":"sevilla-esencial-catedral-el-salvador-santa-cruz-nocturna%ef%bf%bc","status":"publish","type":"post","link":"https:\/\/conocersevilla.com\/wp\/sevilla-esencial-catedral-el-salvador-santa-cruz-nocturna%ef%bf%bc\/","title":{"rendered":"Sevilla esencial (Catedral + El Salvador + Santa Cruz Nocturna)"},"content":{"rendered":"\n<p>Precio: Desde 47 euros.  <\/p>\n\n\n\n<div class=\"wp-container-1 wp-block-buttons\">\n<div class=\"wp-block-button is-style-outline\"><a class=\"wp-block-button__link has-black-color has-luminous-vivid-amber-background-color has-text-color has-background\" href=\"https:\/\/conocersevilla.com\/wp\/producto\/sevilla-esencial-visita-guiada-catedralsalvadorsanta-cruz\/\" target=\"_blank\" rel=\"noreferrer noopener\">VER HORARIO Y RESERVAR<\/a><\/div>\n<\/div>\n\n\n\n<p><strong>Experiencia combinada Sevilla esencial: Catedral, El Salvador y Santa Cruz Nocturna<\/strong> (experiencia flexible con posibilidad de hacerla en 2 o m\u00e1s d\u00edas)<\/p>\n\n\n\n<ul><li>Descubre la majestuosidad de la Catedral g\u00f3tica m\u00e1s grande del mundo y la impresionante Iglesia del Salvador por el d\u00eda, y sum\u00e9rgete en el misterio de los callejones iluminados de Santa Cruz al caer la noche. T\u00fa eliges si vivirlo todo el mismo d\u00eda o dividir las visitas en dos jornadas diferentes para disfrutar sin prisas.<\/li><li><strong>Qu\u00e9 incluye:<\/strong><ul><li>Visita guiada a la Catedral y Giralda con historiador.<\/li><\/ul><ul><li>Acceso a la Iglesia del Salvador (entrada incluida en el ticket).<\/li><\/ul><ul><li>Ruta nocturna por el Barrio de Santa Cruz.<\/li><\/ul><ul><li>Gesti\u00f3n integral de tus entradas oficiales (olv\u00eddate de las colas).<\/li><\/ul><\/li><\/ul>\n\n\n\n<p>&nbsp;<strong>El itinerario imprescindible de Sevilla guiado por historiadores y adaptado a tu propio ritmo.<\/strong><\/p>\n\n\n\n<figure class=\"wp-block-image size-full\"><img loading=\"lazy\" width=\"1024\" height=\"685\" data-src=\"https:\/\/conocersevilla.com\/wp\/wp-content\/uploads\/2020\/04\/salvador-interior.jpg\" alt=\"iglesia del Salvador\" class=\"wp-image-513 lazyload\" data-srcset=\"https:\/\/conocersevilla.com\/wp\/wp-content\/uploads\/2020\/04\/salvador-interior.jpg 1024w, https:\/\/conocersevilla.com\/wp\/wp-content\/uploads\/2020\/04\/salvador-interior-600x401.jpg 600w\" data-sizes=\"(max-width: 1024px) 100vw, 1024px\" src=\"data:image\/gif;base64,R0lGODlhAQABAAAAACH5BAEKAAEALAAAAAABAAEAAAICTAEAOw==\" style=\"--smush-placeholder-width: 1024px; --smush-placeholder-aspect-ratio: 1024\/685;\" \/><noscript><img loading=\"lazy\" width=\"1024\" height=\"685\" src=\"https:\/\/conocersevilla.com\/wp\/wp-content\/uploads\/2020\/04\/salvador-interior.jpg\" alt=\"iglesia del Salvador\" class=\"wp-image-513\" srcset=\"https:\/\/conocersevilla.com\/wp\/wp-content\/uploads\/2020\/04\/salvador-interior.jpg 1024w, https:\/\/conocersevilla.com\/wp\/wp-content\/uploads\/2020\/04\/salvador-interior-600x401.jpg 600w\" sizes=\"(max-width: 1024px) 100vw, 1024px\" \/><\/noscript><\/figure>\n\n\n\n<p>\u00bfDos dias en Sevilla? Te organizamos el itinerario perfecto, sin prisas y a tu propio ritmo.<\/p>\n\n\n\n<p>Con nuestra experiencia Sevilla esencial disfrutas de la majestuosidad de la Catedral y la Iglesia del Salvador, y complementas tu viaje con el misterio de nuestra ruta nocturna por el Barrio de Santa Cruz.<\/p>\n\n\n\n<p>Una oportunidad \u00fanica para disfrutar de tres lugares imprescindibles en la ciudad como son la Catedral, la iglesia del Salvador y el barrio de Santa Cruz. Y no tener que hacer una visita con prisas si no con tranquilidad e incluso con la posibilidad de hacerlo en diferentes d\u00edas.<\/p>\n\n\n\n<p class=\"has-pale-cyan-blue-background-color has-background\"> \u00bfLa mayor ventaja?<strong> Puedes dividir las visitas en dos o m\u00e1s d\u00edas diferentes<\/strong> para disfrutar la ciudad al m\u00e1ximo y sin estr\u00e9s. Todo de la mano de historiadores que te contar\u00e1n las verdaderas tradiciones y leyendas locales.<\/p>\n\n\n\n<h2><span class=\"ez-toc-section\" id=\"%C2%BFQue_dicen_nuestros_clientes\"><\/span>\u00bfQu\u00e9 dicen nuestros clientes?<span class=\"ez-toc-section-end\"><\/span><\/h2><div id=\"ez-toc-container\" class=\"ez-toc-v2_0_87 counter-hierarchy ez-toc-counter ez-toc-grey ez-toc-container-direction\">\n<div class=\"ez-toc-title-container\">\n<p class=\"ez-toc-title\" style=\"cursor:inherit\">Contenidos de la p\u00e1gina<\/p>\n<span class=\"ez-toc-title-toggle\"><a href=\"#\" class=\"ez-toc-pull-right ez-toc-btn ez-toc-btn-xs ez-toc-btn-default ez-toc-toggle\" aria-label=\"Alternar tabla de contenidos\"><span class=\"ez-toc-js-icon-con\"><span class=\"\"><span class=\"eztoc-hide\" style=\"display:none;\">Toggle<\/span><span class=\"ez-toc-icon-toggle-span\"><svg style=\"fill: #999;color:#999\" xmlns=\"http:\/\/www.w3.org\/2000\/svg\" class=\"list-377408\" width=\"20px\" height=\"20px\" viewBox=\"0 0 24 24\" fill=\"none\"><path d=\"M6 6H4v2h2V6zm14 0H8v2h12V6zM4 11h2v2H4v-2zm16 0H8v2h12v-2zM4 16h2v2H4v-2zm16 0H8v2h12v-2z\" fill=\"currentColor\"><\/path><\/svg><svg style=\"fill: #999;color:#999\" class=\"arrow-unsorted-368013\" xmlns=\"http:\/\/www.w3.org\/2000\/svg\" width=\"10px\" height=\"10px\" viewBox=\"0 0 24 24\" version=\"1.2\" baseProfile=\"tiny\"><path d=\"M18.2 9.3l-6.2-6.3-6.2 6.3c-.2.2-.3.4-.3.7s.1.5.3.7c.2.2.4.3.7.3h11c.3 0 .5-.1.7-.3.2-.2.3-.5.3-.7s-.1-.5-.3-.7zM5.8 14.7l6.2 6.3 6.2-6.3c.2-.2.3-.5.3-.7s-.1-.5-.3-.7c-.2-.2-.4-.3-.7-.3h-11c-.3 0-.5.1-.7.3-.2.2-.3.5-.3.7s.1.5.3.7z\"\/><\/svg><\/span><\/span><\/span><\/a><\/span><\/div>\n<nav><ul class='ez-toc-list ez-toc-list-level-1 eztoc-toggle-hide-by-default' ><li class='ez-toc-page-1 ez-toc-heading-level-2'><a class=\"ez-toc-link ez-toc-heading-1\" href=\"https:\/\/conocersevilla.com\/wp\/sevilla-esencial-catedral-el-salvador-santa-cruz-nocturna%ef%bf%bc\/#%C2%BFQue_dicen_nuestros_clientes\" >\u00bfQu\u00e9 dicen nuestros clientes?<\/a><\/li><li class='ez-toc-page-1 ez-toc-heading-level-2'><a class=\"ez-toc-link ez-toc-heading-2\" href=\"https:\/\/conocersevilla.com\/wp\/sevilla-esencial-catedral-el-salvador-santa-cruz-nocturna%ef%bf%bc\/#Preguntas_frecuentes\" >Preguntas frecuentes<\/a><\/li><\/ul><\/nav><\/div>\n\n\n\n\n<div class=\"wp-block-uagb-testimonial uagb-slick-carousel uagb-tm__arrow-outside uagb-block-7b8dc68a\"><div class=\"is-carousel uagb-tm__columns-1 uagb-tm__items\"><div class=\"uagb-testimonial__wrap  uagb-tm__imgicon-style-circle uagb-tm__image-position-bottom uagb-tm__bg-type-none \"><div class=\"uagb-tm__content\"><div class=\"uagb-tm__overlay\"><\/div><div class=\"uagb-tm__text-wrap\"><div class=\"uagb-tm__desc\">Impactada con la sabidur\u00eda que nos ha transmitido, incre\u00edble experiencia.<\/div><div class=\"uagb-tm__meta-inner\"><div class=\"uagb-testimonial-details\"><span class=\"uagb-tm__author-name\">Mar\u00eda Luisa Sig\u00fcenza <\/span><span class=\"uagb-tm__company\"><\/span><\/div><\/div><\/div><\/div><\/div><div class=\"uagb-testimonial__wrap  uagb-tm__imgicon-style-circle uagb-tm__image-position-bottom uagb-tm__bg-type-none \"><div class=\"uagb-tm__content\"><div class=\"uagb-tm__overlay\"><\/div><div class=\"uagb-tm__text-wrap\"><div class=\"uagb-tm__desc\">Hemos quedado muy contentos. Gente muy profesional. Las visitas que contratamos fueron amenas e interesantes. Nos hicieron sentir como en casa. Todo un placer poder contar con ellos. 100% recomendables.<\/div><div class=\"uagb-tm__meta-inner\"><div class=\"uagb-testimonial-details\"><span class=\"uagb-tm__author-name\">Mac Capi <\/span><span class=\"uagb-tm__company\"><\/span><\/div><\/div><\/div><\/div><\/div><div class=\"uagb-testimonial__wrap  uagb-tm__imgicon-style-circle uagb-tm__image-position-bottom uagb-tm__bg-type-none \"><div class=\"uagb-tm__content\"><div class=\"uagb-tm__overlay\"><\/div><div class=\"uagb-tm__text-wrap\"><div class=\"uagb-tm__desc\">Trato incre\u00edble, repetiremos seguro, s\u00faper interesante todo lo que aprendimos mientras d\u00e1bamos un paseo por la ciudad, adem\u00e1s s\u00faper amable nos dio opciones para poder hacerlo teniendo en cuenta la dificultad horaria que ten\u00edamos. Nos volveremos a ver! \u263a\ufe0f<\/div><div class=\"uagb-tm__meta-inner\"><div class=\"uagb-testimonial-details\"><span class=\"uagb-tm__author-name\">Elena Garc\u00eda<\/span><span class=\"uagb-tm__company\"><\/span><\/div><\/div><\/div><\/div><\/div><\/div><\/div>\n\n\n\n<figure class=\"wp-block-image size-full\"><img loading=\"lazy\" width=\"780\" height=\"614\" data-src=\"https:\/\/conocersevilla.com\/wp\/wp-content\/uploads\/2018\/02\/ruta-nocturna-por-santa-cruz-red.webp\" alt=\"ruta-nocturna-por-santa-cruz-\" class=\"wp-image-8446 lazyload\" data-srcset=\"https:\/\/conocersevilla.com\/wp\/wp-content\/uploads\/2018\/02\/ruta-nocturna-por-santa-cruz-red.webp 780w, https:\/\/conocersevilla.com\/wp\/wp-content\/uploads\/2018\/02\/ruta-nocturna-por-santa-cruz-red-480x378.webp 480w\" data-sizes=\"(min-width: 0px) and (max-width: 480px) 480px, (min-width: 481px) 780px, 100vw\" src=\"data:image\/gif;base64,R0lGODlhAQABAAAAACH5BAEKAAEALAAAAAABAAEAAAICTAEAOw==\" style=\"--smush-placeholder-width: 780px; --smush-placeholder-aspect-ratio: 780\/614;\" \/><noscript><img loading=\"lazy\" width=\"780\" height=\"614\" src=\"https:\/\/conocersevilla.com\/wp\/wp-content\/uploads\/2018\/02\/ruta-nocturna-por-santa-cruz-red.webp\" alt=\"ruta-nocturna-por-santa-cruz-\" class=\"wp-image-8446\" srcset=\"https:\/\/conocersevilla.com\/wp\/wp-content\/uploads\/2018\/02\/ruta-nocturna-por-santa-cruz-red.webp 780w, https:\/\/conocersevilla.com\/wp\/wp-content\/uploads\/2018\/02\/ruta-nocturna-por-santa-cruz-red-480x378.webp 480w\" sizes=\"(min-width: 0px) and (max-width: 480px) 480px, (min-width: 481px) 780px, 100vw\" \/><\/noscript><\/figure>\n\n\n\n<div class=\"wp-container-2 wp-block-buttons\">\n<div class=\"wp-block-button aligncenter is-style-outline\"><a class=\"wp-block-button__link has-black-color has-luminous-vivid-amber-background-color has-text-color has-background\" href=\"https:\/\/conocersevilla.com\/wp\/producto\/sevilla-esencial-visita-guiada-catedralsalvadorsanta-cruz\/\" target=\"_blank\" rel=\"noreferrer noopener\">VER HORARIO Y RESERVAR<\/a><\/div>\n<\/div>\n\n\n\n<h2><span class=\"ez-toc-section\" id=\"Preguntas_frecuentes\"><\/span>Preguntas frecuentes<span class=\"ez-toc-section-end\"><\/span><\/h2>\n\n\n\n<div class=\"wp-block-wpsp-faq wpsp-faq__outer-wrap wpsp-block-fed2d78d wpsp-faq-icon-row wpsp-faq-layout-accordion wpsp-faq-expand-first-false wpsp-faq-inactive-other-true wpsp-faq-equal-height\" data-faqtoggle=\"true\" role=\"tablist\"><script type=\"application\/ld+json\">{\"@context\":\"https:\/\/schema.org\",\"@type\":\"FAQPage\",\"@id\":\"https:\/\/conocersevilla.com\/wp\/sevilla-esencial-catedral-el-salvador-santa-cruz-nocturna%ef%bf%bc\/\",\"mainEntity\":[{\"@type\":\"Question\",\"name\":\"\u00bfLa visita incluye las entradas oficiales al monumento?\",\"acceptedAnswer\":{\"@type\":\"Answer\",\"text\":\"S\u00ed, en estas visitas combinadas gestionamos y unificamos las entradas oficiales para que no tengas que hacer colas en las taquillas. El precio final que ves en la web incluye tanto el acceso al monumento como los honorarios de nuestro historiador.\"}},{\"@type\":\"Question\",\"name\":\"\u00bfQu\u00e9 pasa si mi tren\/vuelo se retrasa o tengo un imprevisto?\",\"acceptedAnswer\":{\"@type\":\"Answer\",\"text\":\"No te preocupes. Sabemos que los viajes cambian. Puedes modificar la fecha o la hora de tu visita de forma totalmente gratuita avis\u00e1ndonos hasta 48 horas antes de la ruta.\"}},{\"@type\":\"Question\",\"name\":\"\u00bfC\u00f3mo funciona la opci\u00f3n de dividir el paquete en dos d\u00edas?\",\"acceptedAnswer\":{\"@type\":\"Answer\",\"text\":\"Al hacer clic en el bot\u00f3n de reservar, nuestra pasarela te mostrar\u00e1 dos calendarios independientes. T\u00fa dise\u00f1as tu propio horario seg\u00fan tus planes de viaje.\"}},{\"@type\":\"Question\",\"name\":\"\u00bfTengo que pagar las entradas de los palacios o iglesias por separado?\",\"acceptedAnswer\":{\"@type\":\"Answer\",\"text\":\"no. El precio del paquete combinado incluye el acceso completo a todos los monumentos mencionados en la descripci\u00f3n junto con el servicio de gu\u00eda historiador. \"}}]}<\/script><div class=\"wpsp-faq__wrap wpsp-buttons-layout-wrap\">\n<div class=\"wp-block-wpsp-faq-child wpsp-faq-child__outer-wrap wpsp-block-ea421265\"><div class=\"wpsp-faq-child__wrapper\"><div class=\"wpsp-faq-item\" role=\"tab\" tabindex=\"0\"><div class=\"wpsp-faq-questions-button wpsp-faq-questions\"><span class=\"wpsp-icon wpsp-faq-icon-wrap\"><svg xmlns=\"http:\/\/www.w3.org\/2000\/svg\" viewBox=\"0 0 448 512\"><path d=\"M416 208H272V64c0-17.67-14.33-32-32-32h-32c-17.67 0-32 14.33-32 32v144H32c-17.67 0-32 14.33-32 32v32c0 17.67 14.33 32 32 32h144v144c0 17.67 14.33 32 32 32h32c17.67 0 32-14.33 32-32V304h144c17.67 0 32-14.33 32-32v-32c0-17.67-14.33-32-32-32z\"><\/path><\/svg><\/span><span class=\"wpsp-icon-active wpsp-faq-icon-wrap\"><svg xmlns=\"http:\/\/www.w3.org\/2000\/svg\" viewBox=\"0 0 448 512\"><path d=\"M416 208H32c-17.67 0-32 14.33-32 32v32c0 17.67 14.33 32 32 32h384c17.67 0 32-14.33 32-32v-32c0-17.67-14.33-32-32-32z\"><\/path><\/svg><\/span><span class=\"wpsp-question\">\u00bfLa visita incluye las entradas oficiales al monumento?<\/span><\/div><div class=\"wpsp-faq-content\"><span><p>S\u00ed, en estas visitas combinadas gestionamos y unificamos las entradas oficiales para que no tengas que hacer colas en las taquillas. El precio final que ves en la web incluye tanto el acceso al monumento como los honorarios de nuestro historiador.<\/p><\/span><\/div><\/div><\/div><\/div>\n\n\n\n<div class=\"wp-block-wpsp-faq-child wpsp-faq-child__outer-wrap wpsp-block-ea2b8058\"><div class=\"wpsp-faq-child__wrapper\"><div class=\"wpsp-faq-item\" role=\"tab\" tabindex=\"0\"><div class=\"wpsp-faq-questions-button wpsp-faq-questions\"><span class=\"wpsp-icon wpsp-faq-icon-wrap\"><svg xmlns=\"http:\/\/www.w3.org\/2000\/svg\" viewBox=\"0 0 448 512\"><path d=\"M416 208H272V64c0-17.67-14.33-32-32-32h-32c-17.67 0-32 14.33-32 32v144H32c-17.67 0-32 14.33-32 32v32c0 17.67 14.33 32 32 32h144v144c0 17.67 14.33 32 32 32h32c17.67 0 32-14.33 32-32V304h144c17.67 0 32-14.33 32-32v-32c0-17.67-14.33-32-32-32z\"><\/path><\/svg><\/span><span class=\"wpsp-icon-active wpsp-faq-icon-wrap\"><svg xmlns=\"http:\/\/www.w3.org\/2000\/svg\" viewBox=\"0 0 448 512\"><path d=\"M416 208H32c-17.67 0-32 14.33-32 32v32c0 17.67 14.33 32 32 32h384c17.67 0 32-14.33 32-32v-32c0-17.67-14.33-32-32-32z\"><\/path><\/svg><\/span><span class=\"wpsp-question\">\u00bfQu\u00e9 pasa si mi tren\/vuelo se retrasa o tengo un imprevisto?<\/span><\/div><div class=\"wpsp-faq-content\"><span><p>No te preocupes. Sabemos que los viajes cambian. Puedes modificar la fecha o la hora de tu visita de forma totalmente gratuita avis\u00e1ndonos hasta 48 horas antes de la ruta.<\/p><\/span><\/div><\/div><\/div><\/div>\n\n\n\n<div class=\"wp-block-wpsp-faq-child wpsp-faq-child__outer-wrap wpsp-block-43a1bf03\"><div class=\"wpsp-faq-child__wrapper\"><div class=\"wpsp-faq-item\" role=\"tab\" tabindex=\"0\"><div class=\"wpsp-faq-questions-button wpsp-faq-questions\"><span class=\"wpsp-icon wpsp-faq-icon-wrap\"><svg xmlns=\"http:\/\/www.w3.org\/2000\/svg\" viewBox=\"0 0 448 512\"><path d=\"M416 208H272V64c0-17.67-14.33-32-32-32h-32c-17.67 0-32 14.33-32 32v144H32c-17.67 0-32 14.33-32 32v32c0 17.67 14.33 32 32 32h144v144c0 17.67 14.33 32 32 32h32c17.67 0 32-14.33 32-32V304h144c17.67 0 32-14.33 32-32v-32c0-17.67-14.33-32-32-32z\"><\/path><\/svg><\/span><span class=\"wpsp-icon-active wpsp-faq-icon-wrap\"><svg xmlns=\"http:\/\/www.w3.org\/2000\/svg\" viewBox=\"0 0 448 512\"><path d=\"M416 208H32c-17.67 0-32 14.33-32 32v32c0 17.67 14.33 32 32 32h384c17.67 0 32-14.33 32-32v-32c0-17.67-14.33-32-32-32z\"><\/path><\/svg><\/span><span class=\"wpsp-question\">\u00bfC\u00f3mo funciona la opci\u00f3n de dividir el paquete en dos d\u00edas?<\/span><\/div><div class=\"wpsp-faq-content\"><span><p>Al hacer clic en el bot\u00f3n de reservar, nuestra pasarela te mostrar\u00e1 dos calendarios independientes. T\u00fa dise\u00f1as tu propio horario seg\u00fan tus planes de viaje.<\/p><\/span><\/div><\/div><\/div><\/div>\n\n\n\n<div class=\"wp-block-wpsp-faq-child wpsp-faq-child__outer-wrap wpsp-block-2a90d2a1\"><div class=\"wpsp-faq-child__wrapper\"><div class=\"wpsp-faq-item\" role=\"tab\" tabindex=\"0\"><div class=\"wpsp-faq-questions-button wpsp-faq-questions\"><span class=\"wpsp-icon wpsp-faq-icon-wrap\"><svg xmlns=\"http:\/\/www.w3.org\/2000\/svg\" viewBox=\"0 0 448 512\"><path d=\"M416 208H272V64c0-17.67-14.33-32-32-32h-32c-17.67 0-32 14.33-32 32v144H32c-17.67 0-32 14.33-32 32v32c0 17.67 14.33 32 32 32h144v144c0 17.67 14.33 32 32 32h32c17.67 0 32-14.33 32-32V304h144c17.67 0 32-14.33 32-32v-32c0-17.67-14.33-32-32-32z\"><\/path><\/svg><\/span><span class=\"wpsp-icon-active wpsp-faq-icon-wrap\"><svg xmlns=\"http:\/\/www.w3.org\/2000\/svg\" viewBox=\"0 0 448 512\"><path d=\"M416 208H32c-17.67 0-32 14.33-32 32v32c0 17.67 14.33 32 32 32h384c17.67 0 32-14.33 32-32v-32c0-17.67-14.33-32-32-32z\"><\/path><\/svg><\/span><span class=\"wpsp-question\">\u00bfTengo que pagar las entradas de los palacios o iglesias por separado?<\/span><\/div><div class=\"wpsp-faq-content\"><span><p>no. El precio del paquete combinado incluye el acceso completo a todos los monumentos mencionados en la descripci\u00f3n junto con el servicio de gu\u00eda historiador. <\/p><\/span><\/div><\/div><\/div><\/div>\n<\/div><\/div>\n","protected":false},"excerpt":{"rendered":"<p>Precio: Desde 47 euros. Experiencia combinada Sevilla esencial: Catedral, El Salvador y Santa Cruz Nocturna (experiencia flexible con posibilidad de hacerla en 2 o m\u00e1s d\u00edas) Descubre la majestuosidad de la Catedral g\u00f3tica m\u00e1s grande del mundo y la impresionante Iglesia del Salvador por el d\u00eda, y sum\u00e9rgete en el misterio de los callejones iluminados [&hellip;]<\/p>\n","protected":false},"author":2,"featured_media":9177,"comment_status":"closed","ping_status":"open","sticky":false,"template":"","format":"standard","meta":{"_et_pb_use_builder":"off","_et_pb_old_content":"","_et_gb_content_width":"","_uag_custom_page_level_css":""},"categories":[187,272],"tags":[],"yoast_head":"<!-- This site is optimized with the Yoast SEO plugin v20.5 - https:\/\/yoast.com\/wordpress\/plugins\/seo\/ -->\n<title>Sevilla esencial (Catedral + El Salvador + Santa Cruz Nocturna) - Conocer Sevilla<\/title>\n<meta name=\"description\" content=\"Visita combinada que incluye. (Catedral+el Salvador+Santa Cruz, nocturna), se puede realizar en diferentes si hay entradas de la Catedral\" \/>\n<meta name=\"robots\" content=\"index, follow, max-snippet:-1, max-image-preview:large, max-video-preview:-1\" \/>\n<link rel=\"canonical\" href=\"https:\/\/conocersevilla.com\/wp\/sevilla-esencial-catedral-el-salvador-santa-cruz-nocturna\ufffc\/\" \/>\n<meta property=\"og:locale\" content=\"es_ES\" \/>\n<meta property=\"og:type\" content=\"article\" \/>\n<meta property=\"og:title\" content=\"Sevilla esencial (Catedral + El Salvador + Santa Cruz Nocturna) - Conocer Sevilla\" \/>\n<meta property=\"og:description\" content=\"Visita combinada que incluye. (Catedral+el Salvador+Santa Cruz, nocturna), se puede realizar en diferentes si hay entradas de la Catedral\" \/>\n<meta property=\"og:url\" content=\"https:\/\/conocersevilla.com\/wp\/sevilla-esencial-catedral-el-salvador-santa-cruz-nocturna\ufffc\/\" \/>\n<meta property=\"og:site_name\" content=\"Conocer Sevilla\" \/>\n<meta property=\"article:publisher\" content=\"https:\/\/www.facebook.com\/conocersevilla.rutasculturales\/\" \/>\n<meta property=\"article:published_time\" content=\"2026-09-04T16:38:23+00:00\" \/>\n<meta property=\"article:modified_time\" content=\"2026-09-04T16:38:26+00:00\" \/>\n<meta property=\"og:image\" content=\"https:\/\/conocersevilla.com\/wp\/wp-content\/uploads\/2026\/08\/Paquete_CatedralSalvadorSanta_Cruz.webp\" \/>\n\t<meta property=\"og:image:width\" content=\"750\" \/>\n\t<meta property=\"og:image:height\" content=\"501\" \/>\n\t<meta property=\"og:image:type\" content=\"image\/webp\" \/>\n<meta name=\"author\" content=\"Florencio Quintero Ceballos\" \/>\n<meta name=\"twitter:card\" content=\"summary_large_image\" \/>\n<meta name=\"twitter:creator\" content=\"@conocersevilla1\" \/>\n<meta name=\"twitter:site\" content=\"@conocersevilla1\" \/>\n<meta name=\"twitter:label1\" content=\"Escrito por\" \/>\n\t<meta name=\"twitter:data1\" content=\"Florencio Quintero Ceballos\" \/>\n\t<meta name=\"twitter:label2\" content=\"Tiempo de lectura\" \/>\n\t<meta name=\"twitter:data2\" content=\"4 minutos\" \/>\n<script type=\"application\/ld+json\" class=\"yoast-schema-graph\">{\"@context\":\"https:\/\/schema.org\",\"@graph\":[{\"@type\":\"Article\",\"@id\":\"https:\/\/conocersevilla.com\/wp\/sevilla-esencial-catedral-el-salvador-santa-cruz-nocturna%ef%bf%bc\/#article\",\"isPartOf\":{\"@id\":\"https:\/\/conocersevilla.com\/wp\/sevilla-esencial-catedral-el-salvador-santa-cruz-nocturna%ef%bf%bc\/\"},\"author\":{\"name\":\"Florencio Quintero Ceballos\",\"@id\":\"https:\/\/conocersevilla.com\/wp\/#\/schema\/person\/31a2ff33c56f73e1a487f4e5cee4b2bf\"},\"headline\":\"Sevilla esencial (Catedral + El Salvador + Santa Cruz Nocturna)\",\"datePublished\":\"2026-09-04T16:38:23+00:00\",\"dateModified\":\"2026-09-04T16:38:26+00:00\",\"mainEntityOfPage\":{\"@id\":\"https:\/\/conocersevilla.com\/wp\/sevilla-esencial-catedral-el-salvador-santa-cruz-nocturna%ef%bf%bc\/\"},\"wordCount\":575,\"publisher\":{\"@id\":\"https:\/\/conocersevilla.com\/wp\/#organization\"},\"articleSection\":[\"Rutas\",\"rutas-pack de rutas\"],\"inLanguage\":\"es\"},{\"@type\":\"WebPage\",\"@id\":\"https:\/\/conocersevilla.com\/wp\/sevilla-esencial-catedral-el-salvador-santa-cruz-nocturna%ef%bf%bc\/\",\"url\":\"https:\/\/conocersevilla.com\/wp\/sevilla-esencial-catedral-el-salvador-santa-cruz-nocturna%ef%bf%bc\/\",\"name\":\"Sevilla esencial (Catedral + El Salvador + Santa Cruz Nocturna) - Conocer Sevilla\",\"isPartOf\":{\"@id\":\"https:\/\/conocersevilla.com\/wp\/#website\"},\"datePublished\":\"2026-09-04T16:38:23+00:00\",\"dateModified\":\"2026-09-04T16:38:26+00:00\",\"description\":\"Visita combinada que incluye. (Catedral+el Salvador+Santa Cruz, nocturna), se puede realizar en diferentes si hay entradas de la Catedral\",\"breadcrumb\":{\"@id\":\"https:\/\/conocersevilla.com\/wp\/sevilla-esencial-catedral-el-salvador-santa-cruz-nocturna%ef%bf%bc\/#breadcrumb\"},\"inLanguage\":\"es\",\"potentialAction\":[{\"@type\":\"ReadAction\",\"target\":[\"https:\/\/conocersevilla.com\/wp\/sevilla-esencial-catedral-el-salvador-santa-cruz-nocturna%ef%bf%bc\/\"]}]},{\"@type\":\"BreadcrumbList\",\"@id\":\"https:\/\/conocersevilla.com\/wp\/sevilla-esencial-catedral-el-salvador-santa-cruz-nocturna%ef%bf%bc\/#breadcrumb\",\"itemListElement\":[{\"@type\":\"ListItem\",\"position\":1,\"name\":\"Portada\",\"item\":\"https:\/\/conocersevilla.com\/wp\/\"},{\"@type\":\"ListItem\",\"position\":2,\"name\":\"Sevilla esencial (Catedral + El Salvador + Santa Cruz Nocturna)\"}]},{\"@type\":\"WebSite\",\"@id\":\"https:\/\/conocersevilla.com\/wp\/#website\",\"url\":\"https:\/\/conocersevilla.com\/wp\/\",\"name\":\"Conocer Sevilla\",\"description\":\"Informaci\u00f3n, Eventos,  Actividades y Rutas\",\"publisher\":{\"@id\":\"https:\/\/conocersevilla.com\/wp\/#organization\"},\"potentialAction\":[{\"@type\":\"SearchAction\",\"target\":{\"@type\":\"EntryPoint\",\"urlTemplate\":\"https:\/\/conocersevilla.com\/wp\/?s={search_term_string}\"},\"query-input\":\"required name=search_term_string\"}],\"inLanguage\":\"es\"},{\"@type\":\"Organization\",\"@id\":\"https:\/\/conocersevilla.com\/wp\/#organization\",\"name\":\"Conocer Sevilla\",\"url\":\"https:\/\/conocersevilla.com\/wp\/\",\"logo\":{\"@type\":\"ImageObject\",\"inLanguage\":\"es\",\"@id\":\"https:\/\/conocersevilla.com\/wp\/#\/schema\/logo\/image\/\",\"url\":\"https:\/\/conocersevilla.com\/wp\/wp-content\/uploads\/2018\/06\/LOGO-CONOCERSEVILLA.jpg\",\"contentUrl\":\"https:\/\/conocersevilla.com\/wp\/wp-content\/uploads\/2018\/06\/LOGO-CONOCERSEVILLA.jpg\",\"width\":601,\"height\":601,\"caption\":\"Conocer Sevilla\"},\"image\":{\"@id\":\"https:\/\/conocersevilla.com\/wp\/#\/schema\/logo\/image\/\"},\"sameAs\":[\"https:\/\/www.facebook.com\/conocersevilla.rutasculturales\/\",\"https:\/\/twitter.com\/conocersevilla1\",\"https:\/\/www.instagram.com\/conocersevilla\/\",\"https:\/\/www.youtube.com\/channel\/UCTRvK4AMIu4BsciTW7S4ymQ\/\"]},{\"@type\":\"Person\",\"@id\":\"https:\/\/conocersevilla.com\/wp\/#\/schema\/person\/31a2ff33c56f73e1a487f4e5cee4b2bf\",\"name\":\"Florencio Quintero Ceballos\",\"image\":{\"@type\":\"ImageObject\",\"inLanguage\":\"es\",\"@id\":\"https:\/\/conocersevilla.com\/wp\/#\/schema\/person\/image\/\",\"url\":\"https:\/\/secure.gravatar.com\/avatar\/a77c90e7261798c5b8942705d3d63d2c?s=96&d=mm&r=g\",\"contentUrl\":\"https:\/\/secure.gravatar.com\/avatar\/a77c90e7261798c5b8942705d3d63d2c?s=96&d=mm&r=g\",\"caption\":\"Florencio Quintero Ceballos\"},\"sameAs\":[\"http:\/\/conocersevilla.com\"]}]}<\/script>\n<!-- \/ Yoast SEO plugin. -->","yoast_head_json":{"title":"Sevilla esencial (Catedral + El Salvador + Santa Cruz Nocturna) - Conocer Sevilla","description":"Visita combinada que incluye. (Catedral+el Salvador+Santa Cruz, nocturna), se puede realizar en diferentes si hay entradas de la Catedral","robots":{"index":"index","follow":"follow","max-snippet":"max-snippet:-1","max-image-preview":"max-image-preview:large","max-video-preview":"max-video-preview:-1"},"canonical":"https:\/\/conocersevilla.com\/wp\/sevilla-esencial-catedral-el-salvador-santa-cruz-nocturna\ufffc\/","og_locale":"es_ES","og_type":"article","og_title":"Sevilla esencial (Catedral + El Salvador + Santa Cruz Nocturna) - Conocer Sevilla","og_description":"Visita combinada que incluye. (Catedral+el Salvador+Santa Cruz, nocturna), se puede realizar en diferentes si hay entradas de la Catedral","og_url":"https:\/\/conocersevilla.com\/wp\/sevilla-esencial-catedral-el-salvador-santa-cruz-nocturna\ufffc\/","og_site_name":"Conocer Sevilla","article_publisher":"https:\/\/www.facebook.com\/conocersevilla.rutasculturales\/","article_published_time":"2026-09-04T16:38:23+00:00","article_modified_time":"2026-09-04T16:38:26+00:00","og_image":[{"width":750,"height":501,"url":"https:\/\/conocersevilla.com\/wp\/wp-content\/uploads\/2026\/08\/Paquete_CatedralSalvadorSanta_Cruz.webp","type":"image\/webp"}],"author":"Florencio Quintero Ceballos","twitter_card":"summary_large_image","twitter_creator":"@conocersevilla1","twitter_site":"@conocersevilla1","twitter_misc":{"Escrito por":"Florencio Quintero Ceballos","Tiempo de lectura":"4 minutos"},"schema":{"@context":"https:\/\/schema.org","@graph":[{"@type":"Article","@id":"https:\/\/conocersevilla.com\/wp\/sevilla-esencial-catedral-el-salvador-santa-cruz-nocturna%ef%bf%bc\/#article","isPartOf":{"@id":"https:\/\/conocersevilla.com\/wp\/sevilla-esencial-catedral-el-salvador-santa-cruz-nocturna%ef%bf%bc\/"},"author":{"name":"Florencio Quintero Ceballos","@id":"https:\/\/conocersevilla.com\/wp\/#\/schema\/person\/31a2ff33c56f73e1a487f4e5cee4b2bf"},"headline":"Sevilla esencial (Catedral + El Salvador + Santa Cruz Nocturna)","datePublished":"2026-09-04T16:38:23+00:00","dateModified":"2026-09-04T16:38:26+00:00","mainEntityOfPage":{"@id":"https:\/\/conocersevilla.com\/wp\/sevilla-esencial-catedral-el-salvador-santa-cruz-nocturna%ef%bf%bc\/"},"wordCount":575,"publisher":{"@id":"https:\/\/conocersevilla.com\/wp\/#organization"},"articleSection":["Rutas","rutas-pack de rutas"],"inLanguage":"es"},{"@type":"WebPage","@id":"https:\/\/conocersevilla.com\/wp\/sevilla-esencial-catedral-el-salvador-santa-cruz-nocturna%ef%bf%bc\/","url":"https:\/\/conocersevilla.com\/wp\/sevilla-esencial-catedral-el-salvador-santa-cruz-nocturna%ef%bf%bc\/","name":"Sevilla esencial (Catedral + El Salvador + Santa Cruz Nocturna) - Conocer Sevilla","isPartOf":{"@id":"https:\/\/conocersevilla.com\/wp\/#website"},"datePublished":"2026-09-04T16:38:23+00:00","dateModified":"2026-09-04T16:38:26+00:00","description":"Visita combinada que incluye. (Catedral+el Salvador+Santa Cruz, nocturna), se puede realizar en diferentes si hay entradas de la Catedral","breadcrumb":{"@id":"https:\/\/conocersevilla.com\/wp\/sevilla-esencial-catedral-el-salvador-santa-cruz-nocturna%ef%bf%bc\/#breadcrumb"},"inLanguage":"es","potentialAction":[{"@type":"ReadAction","target":["https:\/\/conocersevilla.com\/wp\/sevilla-esencial-catedral-el-salvador-santa-cruz-nocturna%ef%bf%bc\/"]}]},{"@type":"BreadcrumbList","@id":"https:\/\/conocersevilla.com\/wp\/sevilla-esencial-catedral-el-salvador-santa-cruz-nocturna%ef%bf%bc\/#breadcrumb","itemListElement":[{"@type":"ListItem","position":1,"name":"Portada","item":"https:\/\/conocersevilla.com\/wp\/"},{"@type":"ListItem","position":2,"name":"Sevilla esencial (Catedral + El Salvador + Santa Cruz Nocturna)"}]},{"@type":"WebSite","@id":"https:\/\/conocersevilla.com\/wp\/#website","url":"https:\/\/conocersevilla.com\/wp\/","name":"Conocer Sevilla","description":"Informaci\u00f3n, Eventos,  Actividades y Rutas","publisher":{"@id":"https:\/\/conocersevilla.com\/wp\/#organization"},"potentialAction":[{"@type":"SearchAction","target":{"@type":"EntryPoint","urlTemplate":"https:\/\/conocersevilla.com\/wp\/?s={search_term_string}"},"query-input":"required name=search_term_string"}],"inLanguage":"es"},{"@type":"Organization","@id":"https:\/\/conocersevilla.com\/wp\/#organization","name":"Conocer Sevilla","url":"https:\/\/conocersevilla.com\/wp\/","logo":{"@type":"ImageObject","inLanguage":"es","@id":"https:\/\/conocersevilla.com\/wp\/#\/schema\/logo\/image\/","url":"https:\/\/conocersevilla.com\/wp\/wp-content\/uploads\/2018\/06\/LOGO-CONOCERSEVILLA.jpg","contentUrl":"https:\/\/conocersevilla.com\/wp\/wp-content\/uploads\/2018\/06\/LOGO-CONOCERSEVILLA.jpg","width":601,"height":601,"caption":"Conocer Sevilla"},"image":{"@id":"https:\/\/conocersevilla.com\/wp\/#\/schema\/logo\/image\/"},"sameAs":["https:\/\/www.facebook.com\/conocersevilla.rutasculturales\/","https:\/\/twitter.com\/conocersevilla1","https:\/\/www.instagram.com\/conocersevilla\/","https:\/\/www.youtube.com\/channel\/UCTRvK4AMIu4BsciTW7S4ymQ\/"]},{"@type":"Person","@id":"https:\/\/conocersevilla.com\/wp\/#\/schema\/person\/31a2ff33c56f73e1a487f4e5cee4b2bf","name":"Florencio Quintero Ceballos","image":{"@type":"ImageObject","inLanguage":"es","@id":"https:\/\/conocersevilla.com\/wp\/#\/schema\/person\/image\/","url":"https:\/\/secure.gravatar.com\/avatar\/a77c90e7261798c5b8942705d3d63d2c?s=96&d=mm&r=g","contentUrl":"https:\/\/secure.gravatar.com\/avatar\/a77c90e7261798c5b8942705d3d63d2c?s=96&d=mm&r=g","caption":"Florencio Quintero Ceballos"},"sameAs":["http:\/\/conocersevilla.com"]}]}},"uagb_featured_image_src":{"full":["https:\/\/conocersevilla.com\/wp\/wp-content\/uploads\/2026\/08\/Paquete_CatedralSalvadorSanta_Cruz.webp",750,501,false],"thumbnail":["https:\/\/conocersevilla.com\/wp\/wp-content\/uploads\/2026\/08\/Paquete_CatedralSalvadorSanta_Cruz-150x150.webp",150,150,true],"medium":["https:\/\/conocersevilla.com\/wp\/wp-content\/uploads\/2026\/08\/Paquete_CatedralSalvadorSanta_Cruz-300x200.webp",300,200,true],"medium_large":["https:\/\/conocersevilla.com\/wp\/wp-content\/uploads\/2026\/08\/Paquete_CatedralSalvadorSanta_Cruz.webp",750,501,false],"large":["https:\/\/conocersevilla.com\/wp\/wp-content\/uploads\/2026\/08\/Paquete_CatedralSalvadorSanta_Cruz.webp",750,501,false],"1536x1536":["https:\/\/conocersevilla.com\/wp\/wp-content\/uploads\/2026\/08\/Paquete_CatedralSalvadorSanta_Cruz.webp",750,501,false],"2048x2048":["https:\/\/conocersevilla.com\/wp\/wp-content\/uploads\/2026\/08\/Paquete_CatedralSalvadorSanta_Cruz.webp",750,501,false],"et-pb-post-main-image":["https:\/\/conocersevilla.com\/wp\/wp-content\/uploads\/2026\/08\/Paquete_CatedralSalvadorSanta_Cruz-400x250.webp",400,250,true],"et-pb-post-main-image-fullwidth":["https:\/\/conocersevilla.com\/wp\/wp-content\/uploads\/2026\/08\/Paquete_CatedralSalvadorSanta_Cruz.webp",750,501,false],"et-pb-portfolio-image":["https:\/\/conocersevilla.com\/wp\/wp-content\/uploads\/2026\/08\/Paquete_CatedralSalvadorSanta_Cruz-400x284.webp",400,284,true],"et-pb-portfolio-module-image":["https:\/\/conocersevilla.com\/wp\/wp-content\/uploads\/2026\/08\/Paquete_CatedralSalvadorSanta_Cruz-510x382.webp",510,382,true],"et-pb-portfolio-image-single":["https:\/\/conocersevilla.com\/wp\/wp-content\/uploads\/2026\/08\/Paquete_CatedralSalvadorSanta_Cruz.webp",750,501,false],"et-pb-gallery-module-image-portrait":["https:\/\/conocersevilla.com\/wp\/wp-content\/uploads\/2026\/08\/Paquete_CatedralSalvadorSanta_Cruz-400x501.webp",400,501,true],"et-pb-post-main-image-fullwidth-large":["https:\/\/conocersevilla.com\/wp\/wp-content\/uploads\/2026\/08\/Paquete_CatedralSalvadorSanta_Cruz.webp",750,501,false],"et-pb-image--responsive--desktop":["https:\/\/conocersevilla.com\/wp\/wp-content\/uploads\/2026\/08\/Paquete_CatedralSalvadorSanta_Cruz.webp",750,501,false],"et-pb-image--responsive--tablet":["https:\/\/conocersevilla.com\/wp\/wp-content\/uploads\/2026\/08\/Paquete_CatedralSalvadorSanta_Cruz.webp",750,501,false],"et-pb-image--responsive--phone":["https:\/\/conocersevilla.com\/wp\/wp-content\/uploads\/2026\/08\/Paquete_CatedralSalvadorSanta_Cruz-480x321.webp",404,270,true],"woocommerce_thumbnail":["https:\/\/conocersevilla.com\/wp\/wp-content\/uploads\/2026\/08\/Paquete_CatedralSalvadorSanta_Cruz-300x300.webp",300,300,true],"woocommerce_single":["https:\/\/conocersevilla.com\/wp\/wp-content\/uploads\/2026\/08\/Paquete_CatedralSalvadorSanta_Cruz-600x401.webp",600,401,true],"woocommerce_gallery_thumbnail":["https:\/\/conocersevilla.com\/wp\/wp-content\/uploads\/2026\/08\/Paquete_CatedralSalvadorSanta_Cruz-100x100.webp",100,100,true]},"uagb_author_info":{"display_name":"Florencio Quintero Ceballos","author_link":"https:\/\/conocersevilla.com\/wp\/author\/floren\/"},"uagb_comment_info":0,"uagb_excerpt":"Precio: Desde 47 euros. Experiencia combinada Sevilla esencial: Catedral, El Salvador y Santa Cruz Nocturna (experiencia flexible con posibilidad de hacerla en 2 o m\u00e1s d\u00edas) Descubre la majestuosidad de la Catedral g\u00f3tica m\u00e1s grande del mundo y la impresionante Iglesia del Salvador por el d\u00eda, y sum\u00e9rgete en el misterio de los callejones iluminados&hellip;","_links":{"self":[{"href":"https:\/\/conocersevilla.com\/wp\/wp-json\/wp\/v2\/posts\/9176"}],"collection":[{"href":"https:\/\/conocersevilla.com\/wp\/wp-json\/wp\/v2\/posts"}],"about":[{"href":"https:\/\/conocersevilla.com\/wp\/wp-json\/wp\/v2\/types\/post"}],"author":[{"embeddable":true,"href":"https:\/\/conocersevilla.com\/wp\/wp-json\/wp\/v2\/users\/2"}],"replies":[{"embeddable":true,"href":"https:\/\/conocersevilla.com\/wp\/wp-json\/wp\/v2\/comments?post=9176"}],"version-history":[{"count":9,"href":"https:\/\/conocersevilla.com\/wp\/wp-json\/wp\/v2\/posts\/9176\/revisions"}],"predecessor-version":[{"id":9217,"href":"https:\/\/conocersevilla.com\/wp\/wp-json\/wp\/v2\/posts\/9176\/revisions\/9217"}],"wp:featuredmedia":[{"embeddable":true,"href":"https:\/\/conocersevilla.com\/wp\/wp-json\/wp\/v2\/media\/9177"}],"wp:attachment":[{"href":"https:\/\/conocersevilla.com\/wp\/wp-json\/wp\/v2\/media?parent=9176"}],"wp:term":[{"taxonomy":"category","embeddable":true,"href":"https:\/\/conocersevilla.com\/wp\/wp-json\/wp\/v2\/categories?post=9176"},{"taxonomy":"post_tag","embeddable":true,"href":"https:\/\/conocersevilla.com\/wp\/wp-json\/wp\/v2\/tags?post=9176"}],"curies":[{"name":"wp","href":"https:\/\/api.w.org\/{rel}","templated":true}]}}