{"id":8219,"date":"2025-05-03T22:03:59","date_gmt":"2025-05-03T21:03:59","guid":{"rendered":"https:\/\/conocersevilla.com\/wp\/?p=8219"},"modified":"2025-05-12T12:44:48","modified_gmt":"2025-05-12T11:44:48","slug":"visitas-a-la-feria-de-abril-de-sevilla","status":"publish","type":"post","link":"https:\/\/conocersevilla.com\/wp\/visitas-a-la-feria-de-abril-de-sevilla\/","title":{"rendered":"Visitas a la feria de abril de Sevilla"},"content":{"rendered":"\n<p>Durante este a\u00f1o realizaremos <strong>visitas a la feria de abril de Sevilla<\/strong> para descubrir algunos de los secretos de la gran celebraci\u00f3n de la ciudad.<\/p>\n\n\n\n<p>Su historia, curiosidades, sus vestidos, sus bailes, algunas de las claves m\u00e1s importantes de una de las grandes celebraciones de Sevilla.<\/p>\n\n\n\n<h2><span class=\"ez-toc-section\" id=\"El_mundo_de_la_feria_de_abril_de_Sevilla\"><\/span>El mundo de la feria de abril de Sevilla<span class=\"ez-toc-section-end\"><\/span><\/h2><div id=\"ez-toc-container\" class=\"ez-toc-v2_0_82_2 counter-hierarchy ez-toc-counter ez-toc-grey ez-toc-container-direction\">\n<div class=\"ez-toc-title-container\">\n<p class=\"ez-toc-title\" style=\"cursor:inherit\">Contenidos de la p\u00e1gina<\/p>\n<span class=\"ez-toc-title-toggle\"><a href=\"#\" class=\"ez-toc-pull-right ez-toc-btn ez-toc-btn-xs ez-toc-btn-default ez-toc-toggle\" aria-label=\"Alternar tabla de contenidos\"><span class=\"ez-toc-js-icon-con\"><span class=\"\"><span class=\"eztoc-hide\" style=\"display:none;\">Toggle<\/span><span class=\"ez-toc-icon-toggle-span\"><svg style=\"fill: #999;color:#999\" xmlns=\"http:\/\/www.w3.org\/2000\/svg\" class=\"list-377408\" width=\"20px\" height=\"20px\" viewBox=\"0 0 24 24\" fill=\"none\"><path d=\"M6 6H4v2h2V6zm14 0H8v2h12V6zM4 11h2v2H4v-2zm16 0H8v2h12v-2zM4 16h2v2H4v-2zm16 0H8v2h12v-2z\" fill=\"currentColor\"><\/path><\/svg><svg style=\"fill: #999;color:#999\" class=\"arrow-unsorted-368013\" xmlns=\"http:\/\/www.w3.org\/2000\/svg\" width=\"10px\" height=\"10px\" viewBox=\"0 0 24 24\" version=\"1.2\" baseProfile=\"tiny\"><path d=\"M18.2 9.3l-6.2-6.3-6.2 6.3c-.2.2-.3.4-.3.7s.1.5.3.7c.2.2.4.3.7.3h11c.3 0 .5-.1.7-.3.2-.2.3-.5.3-.7s-.1-.5-.3-.7zM5.8 14.7l6.2 6.3 6.2-6.3c.2-.2.3-.5.3-.7s-.1-.5-.3-.7c-.2-.2-.4-.3-.7-.3h-11c-.3 0-.5.1-.7.3-.2.2-.3.5-.3.7s.1.5.3.7z\"\/><\/svg><\/span><\/span><\/span><\/a><\/span><\/div>\n<nav><ul class='ez-toc-list ez-toc-list-level-1 eztoc-toggle-hide-by-default' ><li class='ez-toc-page-1 ez-toc-heading-level-2'><a class=\"ez-toc-link ez-toc-heading-1\" href=\"https:\/\/conocersevilla.com\/wp\/visitas-a-la-feria-de-abril-de-sevilla\/#El_mundo_de_la_feria_de_abril_de_Sevilla\" >El mundo de la feria de abril de Sevilla<\/a><ul class='ez-toc-list-level-3' ><li class='ez-toc-heading-level-3'><a class=\"ez-toc-link ez-toc-heading-2\" href=\"https:\/\/conocersevilla.com\/wp\/visitas-a-la-feria-de-abril-de-sevilla\/#Las_casetas_de_la_feria\" >Las casetas de la feria<\/a><\/li><li class='ez-toc-page-1 ez-toc-heading-level-3'><a class=\"ez-toc-link ez-toc-heading-3\" href=\"https:\/\/conocersevilla.com\/wp\/visitas-a-la-feria-de-abril-de-sevilla\/#Los_trajes_de_la_feria\" >Los trajes de la feria<\/a><\/li><\/ul><\/li><li class='ez-toc-page-1 ez-toc-heading-level-2'><a class=\"ez-toc-link ez-toc-heading-4\" href=\"https:\/\/conocersevilla.com\/wp\/visitas-a-la-feria-de-abril-de-sevilla\/#La_feria_y_la_exposicion_iberoamericana\" >La feria y la exposici\u00f3n iberoamericana<\/a><\/li><li class='ez-toc-page-1 ez-toc-heading-level-2'><a class=\"ez-toc-link ez-toc-heading-5\" href=\"https:\/\/conocersevilla.com\/wp\/visitas-a-la-feria-de-abril-de-sevilla\/#Las_visitas\" >Las visitas<\/a><\/li><\/ul><\/nav><\/div>\n\n\n\n\n<p>La feria de abril de Sevilla tiene una singularidad y es que est\u00e1 hecha por la gente de Sevilla para ellos, por eso tiene muchas claves que personas de fuera no pueden comprender, por eso nuestras rutas nos ense\u00f1an esas singularidades, y tambi\u00e9n nos dan las claves para que todos podamos vivir intensamente la feria de abril seamos de donde seamos.<\/p>\n\n\n\n<p>Gracias a esa singularidad la feria ha mantenido inalterable su esencia y no se ha convertido en una celebraci\u00f3n m\u00e1s como ha ocurrido en otros lugares.<\/p>\n\n\n\n<h3><span class=\"ez-toc-section\" id=\"Las_casetas_de_la_feria\"><\/span>Las casetas de la feria<span class=\"ez-toc-section-end\"><\/span><\/h3>\n\n\n\n<p>Aunque la mayor\u00eda de las casetas son privadas, tambi\u00e9n hay varias casetas p\u00fablicas accesibles para todo el mundo. <\/p>\n\n\n\n<p>El ambiente de las casetas es m\u00e1gico, personas de todas las edades cantan, bailan, comen y beben. Convirti\u00e9ndolos en sus casas durante una semana.<\/p>\n\n\n\n<h3><span class=\"ez-toc-section\" id=\"Los_trajes_de_la_feria\"><\/span>Los trajes de la feria<span class=\"ez-toc-section-end\"><\/span><\/h3>\n\n\n\n<figure class=\"wp-block-image size-full\"><img loading=\"lazy\" width=\"620\" height=\"827\" data-src=\"https:\/\/conocersevilla.com\/wp\/wp-content\/uploads\/2025\/05\/trajes_de_flamenca_en-una_caseta.webp\" alt=\"Los trajes de la feria de abril de Sevilla\" class=\"wp-image-8232 lazyload\" data-srcset=\"https:\/\/conocersevilla.com\/wp\/wp-content\/uploads\/2025\/05\/trajes_de_flamenca_en-una_caseta.webp 620w, https:\/\/conocersevilla.com\/wp\/wp-content\/uploads\/2025\/05\/trajes_de_flamenca_en-una_caseta-480x640.webp 480w\" data-sizes=\"(min-width: 0px) and (max-width: 480px) 480px, (min-width: 481px) 620px, 100vw\" src=\"data:image\/gif;base64,R0lGODlhAQABAAAAACH5BAEKAAEALAAAAAABAAEAAAICTAEAOw==\" style=\"--smush-placeholder-width: 620px; --smush-placeholder-aspect-ratio: 620\/827;\" \/><noscript><img loading=\"lazy\" width=\"620\" height=\"827\" src=\"https:\/\/conocersevilla.com\/wp\/wp-content\/uploads\/2025\/05\/trajes_de_flamenca_en-una_caseta.webp\" alt=\"Los trajes de la feria de abril de Sevilla\" class=\"wp-image-8232\" srcset=\"https:\/\/conocersevilla.com\/wp\/wp-content\/uploads\/2025\/05\/trajes_de_flamenca_en-una_caseta.webp 620w, https:\/\/conocersevilla.com\/wp\/wp-content\/uploads\/2025\/05\/trajes_de_flamenca_en-una_caseta-480x640.webp 480w\" sizes=\"(min-width: 0px) and (max-width: 480px) 480px, (min-width: 481px) 620px, 100vw\" \/><\/noscript><\/figure>\n\n\n\n<p>Uno de los elementos que m\u00e1s sorprende en la feria es ver a tantas personas con una uniformidad para una celebraci\u00f3n tan importante.<\/p>\n\n\n\n<p>Lo que m\u00e1s destacan son<strong> los trajes de flamenca<\/strong>, ver a todas las mujeres, desde ni\u00f1as a personas mayores con esos trajes tan incre\u00edbles es uno de los detalles que m\u00e1s sorprende. <\/p>\n\n\n\n<p>Pero no s\u00f3lo las mujeres, los hombres tan bien son parte de la celebraci\u00f3n y la costumbre es que se vaya de chaqueta al real, creando una est\u00e9tica maravillosa y siendo una de las grandes singularidades de la fiesta<\/p>\n\n\n\n<h2><span class=\"ez-toc-section\" id=\"La_feria_y_la_exposicion_iberoamericana\"><\/span>La feria y la exposici\u00f3n iberoamericana<span class=\"ez-toc-section-end\"><\/span><\/h2>\n\n\n\n<p>La feria de abril de Sevilla, aunque se crea como un mercado de ganado con una parte l\u00fadica en el siglo XIX, realmente es en la \u00e9poca de la exposici\u00f3n iberoamericana cuando posee su configuraci\u00f3n actual y su est\u00e9tica. De hecho el cartel de la exposici\u00f3n ten\u00eda que ver con esa feria que se estaba perfilando en todos sus aspectos. Es <a href=\"https:\/\/conocersevilla.com\/wp\/la-sevilla-del-29\/\" target=\"_blank\" rel=\"noreferrer noopener\">la Sevilla del 29<\/a> la que crea las bases  de la feria que hoy disfrutamos.<\/p>\n\n\n\n<h2><span class=\"ez-toc-section\" id=\"Las_visitas\"><\/span>Las visitas<span class=\"ez-toc-section-end\"><\/span><\/h2>\n\n\n\n<p>Las visitas tendr\u00e1n una duraci\u00f3n aproximadamente de una hora y se realizar\u00e1n dentro del ferial<\/p>\n\n\n\n<p>Tambi\u00e9n daremos la posibilidad de hacer visitas privadas a qui\u00e9n lo desee.<\/p>\n\n\n\n<p class=\"has-black-color has-text-color\"><strong>Punto de encuentro<\/strong>: Punto de informaci\u00f3n de la portada<\/p>\n\n\n\n<p><strong>Horas<\/strong>: 12:30, 13:30 y 17:30<\/p>\n\n\n\n<p><strong>Precio<\/strong>: 16 euros.<\/p>\n\n\n\n<p><strong>Posibilidad de visita privada<\/strong>( escribir correo en ese caso a reservas@conocersevilla.com)<\/p>\n\n\n\n<div class=\"wp-container-1 wp-block-buttons\">\n<div class=\"wp-block-button\"><a class=\"wp-block-button__link has-black-color has-luminous-vivid-amber-background-color has-text-color has-background\" href=\"https:\/\/conocersevilla.com\/wp\/events\/visitas-a-la-feria-de-abril-de-sevilla\/\" target=\"_blank\" rel=\"noreferrer noopener\">Reservar esta visita<\/a><\/div>\n<\/div>\n","protected":false},"excerpt":{"rendered":"<p>visitas a la feria de abril de Sevilla para descubrir algunos de los secretos de la gran celebraci\u00f3n de la ciudad.<\/p>\n","protected":false},"author":2,"featured_media":8220,"comment_status":"closed","ping_status":"open","sticky":false,"template":"","format":"standard","meta":{"_et_pb_use_builder":"","_et_pb_old_content":"","_et_gb_content_width":""},"categories":[2],"tags":[],"yoast_head":"<!-- This site is optimized with the Yoast SEO plugin v20.5 - https:\/\/yoast.com\/wordpress\/plugins\/seo\/ -->\n<title>Visitas a la feria de abril de Sevilla - Conocer Sevilla<\/title>\n<meta name=\"description\" content=\"visitas a la feria de abril de Sevilla para descubrir algunos de los secretos de la gran celebraci\u00f3n de la ciudad.\" \/>\n<meta name=\"robots\" content=\"index, follow, max-snippet:-1, max-image-preview:large, max-video-preview:-1\" \/>\n<link rel=\"canonical\" href=\"https:\/\/conocersevilla.com\/wp\/visitas-a-la-feria-de-abril-de-sevilla\/\" \/>\n<meta property=\"og:locale\" content=\"es_ES\" \/>\n<meta property=\"og:type\" content=\"article\" \/>\n<meta property=\"og:title\" content=\"Visitas a la feria de abril de Sevilla - Conocer Sevilla\" \/>\n<meta property=\"og:description\" content=\"visitas a la feria de abril de Sevilla para descubrir algunos de los secretos de la gran celebraci\u00f3n de la ciudad.\" \/>\n<meta property=\"og:url\" content=\"https:\/\/conocersevilla.com\/wp\/visitas-a-la-feria-de-abril-de-sevilla\/\" \/>\n<meta property=\"og:site_name\" content=\"Conocer Sevilla\" \/>\n<meta property=\"article:publisher\" content=\"https:\/\/www.facebook.com\/conocersevilla.rutasculturales\/\" \/>\n<meta property=\"article:published_time\" content=\"2025-05-03T21:03:59+00:00\" \/>\n<meta property=\"article:modified_time\" content=\"2025-05-12T11:44:48+00:00\" \/>\n<meta property=\"og:image\" content=\"https:\/\/conocersevilla.com\/wp\/wp-content\/uploads\/2025\/05\/visitas-a-la-feria-de-abril-de-Sevilla.webp\" \/>\n\t<meta property=\"og:image:width\" content=\"900\" \/>\n\t<meta property=\"og:image:height\" content=\"527\" \/>\n\t<meta property=\"og:image:type\" content=\"image\/webp\" \/>\n<meta name=\"author\" content=\"Florencio Quintero Ceballos\" \/>\n<meta name=\"twitter:card\" content=\"summary_large_image\" \/>\n<meta name=\"twitter:creator\" content=\"@conocersevilla1\" \/>\n<meta name=\"twitter:site\" content=\"@conocersevilla1\" \/>\n<meta name=\"twitter:label1\" content=\"Escrito por\" \/>\n\t<meta name=\"twitter:data1\" content=\"Florencio Quintero Ceballos\" \/>\n\t<meta name=\"twitter:label2\" content=\"Tiempo de lectura\" \/>\n\t<meta name=\"twitter:data2\" content=\"3 minutos\" \/>\n<script type=\"application\/ld+json\" class=\"yoast-schema-graph\">{\"@context\":\"https:\/\/schema.org\",\"@graph\":[{\"@type\":\"Article\",\"@id\":\"https:\/\/conocersevilla.com\/wp\/visitas-a-la-feria-de-abril-de-sevilla\/#article\",\"isPartOf\":{\"@id\":\"https:\/\/conocersevilla.com\/wp\/visitas-a-la-feria-de-abril-de-sevilla\/\"},\"author\":{\"name\":\"Florencio Quintero Ceballos\",\"@id\":\"https:\/\/conocersevilla.com\/wp\/#\/schema\/person\/31a2ff33c56f73e1a487f4e5cee4b2bf\"},\"headline\":\"Visitas a la feria de abril de Sevilla\",\"datePublished\":\"2025-05-03T21:03:59+00:00\",\"dateModified\":\"2025-05-12T11:44:48+00:00\",\"mainEntityOfPage\":{\"@id\":\"https:\/\/conocersevilla.com\/wp\/visitas-a-la-feria-de-abril-de-sevilla\/\"},\"wordCount\":469,\"publisher\":{\"@id\":\"https:\/\/conocersevilla.com\/wp\/#organization\"},\"articleSection\":[\"Rutas\"],\"inLanguage\":\"es\"},{\"@type\":\"WebPage\",\"@id\":\"https:\/\/conocersevilla.com\/wp\/visitas-a-la-feria-de-abril-de-sevilla\/\",\"url\":\"https:\/\/conocersevilla.com\/wp\/visitas-a-la-feria-de-abril-de-sevilla\/\",\"name\":\"Visitas a la feria de abril de Sevilla - Conocer Sevilla\",\"isPartOf\":{\"@id\":\"https:\/\/conocersevilla.com\/wp\/#website\"},\"datePublished\":\"2025-05-03T21:03:59+00:00\",\"dateModified\":\"2025-05-12T11:44:48+00:00\",\"description\":\"visitas a la feria de abril de Sevilla para descubrir algunos de los secretos de la gran celebraci\u00f3n de la ciudad.\",\"breadcrumb\":{\"@id\":\"https:\/\/conocersevilla.com\/wp\/visitas-a-la-feria-de-abril-de-sevilla\/#breadcrumb\"},\"inLanguage\":\"es\",\"potentialAction\":[{\"@type\":\"ReadAction\",\"target\":[\"https:\/\/conocersevilla.com\/wp\/visitas-a-la-feria-de-abril-de-sevilla\/\"]}]},{\"@type\":\"BreadcrumbList\",\"@id\":\"https:\/\/conocersevilla.com\/wp\/visitas-a-la-feria-de-abril-de-sevilla\/#breadcrumb\",\"itemListElement\":[{\"@type\":\"ListItem\",\"position\":1,\"name\":\"Portada\",\"item\":\"https:\/\/conocersevilla.com\/wp\/\"},{\"@type\":\"ListItem\",\"position\":2,\"name\":\"Visitas a la feria de abril de Sevilla\"}]},{\"@type\":\"WebSite\",\"@id\":\"https:\/\/conocersevilla.com\/wp\/#website\",\"url\":\"https:\/\/conocersevilla.com\/wp\/\",\"name\":\"Conocer Sevilla\",\"description\":\"Informaci\u00f3n, Eventos,  Actividades y Rutas\",\"publisher\":{\"@id\":\"https:\/\/conocersevilla.com\/wp\/#organization\"},\"potentialAction\":[{\"@type\":\"SearchAction\",\"target\":{\"@type\":\"EntryPoint\",\"urlTemplate\":\"https:\/\/conocersevilla.com\/wp\/?s={search_term_string}\"},\"query-input\":\"required name=search_term_string\"}],\"inLanguage\":\"es\"},{\"@type\":\"Organization\",\"@id\":\"https:\/\/conocersevilla.com\/wp\/#organization\",\"name\":\"Conocer Sevilla\",\"url\":\"https:\/\/conocersevilla.com\/wp\/\",\"logo\":{\"@type\":\"ImageObject\",\"inLanguage\":\"es\",\"@id\":\"https:\/\/conocersevilla.com\/wp\/#\/schema\/logo\/image\/\",\"url\":\"https:\/\/conocersevilla.com\/wp\/wp-content\/uploads\/2018\/06\/LOGO-CONOCERSEVILLA.jpg\",\"contentUrl\":\"https:\/\/conocersevilla.com\/wp\/wp-content\/uploads\/2018\/06\/LOGO-CONOCERSEVILLA.jpg\",\"width\":601,\"height\":601,\"caption\":\"Conocer Sevilla\"},\"image\":{\"@id\":\"https:\/\/conocersevilla.com\/wp\/#\/schema\/logo\/image\/\"},\"sameAs\":[\"https:\/\/www.facebook.com\/conocersevilla.rutasculturales\/\",\"https:\/\/twitter.com\/conocersevilla1\",\"https:\/\/www.instagram.com\/conocersevilla\/\",\"https:\/\/www.youtube.com\/channel\/UCTRvK4AMIu4BsciTW7S4ymQ\/\"]},{\"@type\":\"Person\",\"@id\":\"https:\/\/conocersevilla.com\/wp\/#\/schema\/person\/31a2ff33c56f73e1a487f4e5cee4b2bf\",\"name\":\"Florencio Quintero Ceballos\",\"image\":{\"@type\":\"ImageObject\",\"inLanguage\":\"es\",\"@id\":\"https:\/\/conocersevilla.com\/wp\/#\/schema\/person\/image\/\",\"url\":\"https:\/\/secure.gravatar.com\/avatar\/a77c90e7261798c5b8942705d3d63d2c?s=96&d=mm&r=g\",\"contentUrl\":\"https:\/\/secure.gravatar.com\/avatar\/a77c90e7261798c5b8942705d3d63d2c?s=96&d=mm&r=g\",\"caption\":\"Florencio Quintero Ceballos\"},\"sameAs\":[\"http:\/\/conocersevilla.com\"]}]}<\/script>\n<!-- \/ Yoast SEO plugin. -->","yoast_head_json":{"title":"Visitas a la feria de abril de Sevilla - Conocer Sevilla","description":"visitas a la feria de abril de Sevilla para descubrir algunos de los secretos de la gran celebraci\u00f3n de la ciudad.","robots":{"index":"index","follow":"follow","max-snippet":"max-snippet:-1","max-image-preview":"max-image-preview:large","max-video-preview":"max-video-preview:-1"},"canonical":"https:\/\/conocersevilla.com\/wp\/visitas-a-la-feria-de-abril-de-sevilla\/","og_locale":"es_ES","og_type":"article","og_title":"Visitas a la feria de abril de Sevilla - Conocer Sevilla","og_description":"visitas a la feria de abril de Sevilla para descubrir algunos de los secretos de la gran celebraci\u00f3n de la ciudad.","og_url":"https:\/\/conocersevilla.com\/wp\/visitas-a-la-feria-de-abril-de-sevilla\/","og_site_name":"Conocer Sevilla","article_publisher":"https:\/\/www.facebook.com\/conocersevilla.rutasculturales\/","article_published_time":"2025-05-03T21:03:59+00:00","article_modified_time":"2025-05-12T11:44:48+00:00","og_image":[{"width":900,"height":527,"url":"https:\/\/conocersevilla.com\/wp\/wp-content\/uploads\/2025\/05\/visitas-a-la-feria-de-abril-de-Sevilla.webp","type":"image\/webp"}],"author":"Florencio Quintero Ceballos","twitter_card":"summary_large_image","twitter_creator":"@conocersevilla1","twitter_site":"@conocersevilla1","twitter_misc":{"Escrito por":"Florencio Quintero Ceballos","Tiempo de lectura":"3 minutos"},"schema":{"@context":"https:\/\/schema.org","@graph":[{"@type":"Article","@id":"https:\/\/conocersevilla.com\/wp\/visitas-a-la-feria-de-abril-de-sevilla\/#article","isPartOf":{"@id":"https:\/\/conocersevilla.com\/wp\/visitas-a-la-feria-de-abril-de-sevilla\/"},"author":{"name":"Florencio Quintero Ceballos","@id":"https:\/\/conocersevilla.com\/wp\/#\/schema\/person\/31a2ff33c56f73e1a487f4e5cee4b2bf"},"headline":"Visitas a la feria de abril de Sevilla","datePublished":"2025-05-03T21:03:59+00:00","dateModified":"2025-05-12T11:44:48+00:00","mainEntityOfPage":{"@id":"https:\/\/conocersevilla.com\/wp\/visitas-a-la-feria-de-abril-de-sevilla\/"},"wordCount":469,"publisher":{"@id":"https:\/\/conocersevilla.com\/wp\/#organization"},"articleSection":["Rutas"],"inLanguage":"es"},{"@type":"WebPage","@id":"https:\/\/conocersevilla.com\/wp\/visitas-a-la-feria-de-abril-de-sevilla\/","url":"https:\/\/conocersevilla.com\/wp\/visitas-a-la-feria-de-abril-de-sevilla\/","name":"Visitas a la feria de abril de Sevilla - Conocer Sevilla","isPartOf":{"@id":"https:\/\/conocersevilla.com\/wp\/#website"},"datePublished":"2025-05-03T21:03:59+00:00","dateModified":"2025-05-12T11:44:48+00:00","description":"visitas a la feria de abril de Sevilla para descubrir algunos de los secretos de la gran celebraci\u00f3n de la ciudad.","breadcrumb":{"@id":"https:\/\/conocersevilla.com\/wp\/visitas-a-la-feria-de-abril-de-sevilla\/#breadcrumb"},"inLanguage":"es","potentialAction":[{"@type":"ReadAction","target":["https:\/\/conocersevilla.com\/wp\/visitas-a-la-feria-de-abril-de-sevilla\/"]}]},{"@type":"BreadcrumbList","@id":"https:\/\/conocersevilla.com\/wp\/visitas-a-la-feria-de-abril-de-sevilla\/#breadcrumb","itemListElement":[{"@type":"ListItem","position":1,"name":"Portada","item":"https:\/\/conocersevilla.com\/wp\/"},{"@type":"ListItem","position":2,"name":"Visitas a la feria de abril de Sevilla"}]},{"@type":"WebSite","@id":"https:\/\/conocersevilla.com\/wp\/#website","url":"https:\/\/conocersevilla.com\/wp\/","name":"Conocer Sevilla","description":"Informaci\u00f3n, Eventos,  Actividades y Rutas","publisher":{"@id":"https:\/\/conocersevilla.com\/wp\/#organization"},"potentialAction":[{"@type":"SearchAction","target":{"@type":"EntryPoint","urlTemplate":"https:\/\/conocersevilla.com\/wp\/?s={search_term_string}"},"query-input":"required name=search_term_string"}],"inLanguage":"es"},{"@type":"Organization","@id":"https:\/\/conocersevilla.com\/wp\/#organization","name":"Conocer Sevilla","url":"https:\/\/conocersevilla.com\/wp\/","logo":{"@type":"ImageObject","inLanguage":"es","@id":"https:\/\/conocersevilla.com\/wp\/#\/schema\/logo\/image\/","url":"https:\/\/conocersevilla.com\/wp\/wp-content\/uploads\/2018\/06\/LOGO-CONOCERSEVILLA.jpg","contentUrl":"https:\/\/conocersevilla.com\/wp\/wp-content\/uploads\/2018\/06\/LOGO-CONOCERSEVILLA.jpg","width":601,"height":601,"caption":"Conocer Sevilla"},"image":{"@id":"https:\/\/conocersevilla.com\/wp\/#\/schema\/logo\/image\/"},"sameAs":["https:\/\/www.facebook.com\/conocersevilla.rutasculturales\/","https:\/\/twitter.com\/conocersevilla1","https:\/\/www.instagram.com\/conocersevilla\/","https:\/\/www.youtube.com\/channel\/UCTRvK4AMIu4BsciTW7S4ymQ\/"]},{"@type":"Person","@id":"https:\/\/conocersevilla.com\/wp\/#\/schema\/person\/31a2ff33c56f73e1a487f4e5cee4b2bf","name":"Florencio Quintero Ceballos","image":{"@type":"ImageObject","inLanguage":"es","@id":"https:\/\/conocersevilla.com\/wp\/#\/schema\/person\/image\/","url":"https:\/\/secure.gravatar.com\/avatar\/a77c90e7261798c5b8942705d3d63d2c?s=96&d=mm&r=g","contentUrl":"https:\/\/secure.gravatar.com\/avatar\/a77c90e7261798c5b8942705d3d63d2c?s=96&d=mm&r=g","caption":"Florencio Quintero Ceballos"},"sameAs":["http:\/\/conocersevilla.com"]}]}},"_links":{"self":[{"href":"https:\/\/conocersevilla.com\/wp\/wp-json\/wp\/v2\/posts\/8219"}],"collection":[{"href":"https:\/\/conocersevilla.com\/wp\/wp-json\/wp\/v2\/posts"}],"about":[{"href":"https:\/\/conocersevilla.com\/wp\/wp-json\/wp\/v2\/types\/post"}],"author":[{"embeddable":true,"href":"https:\/\/conocersevilla.com\/wp\/wp-json\/wp\/v2\/users\/2"}],"replies":[{"embeddable":true,"href":"https:\/\/conocersevilla.com\/wp\/wp-json\/wp\/v2\/comments?post=8219"}],"version-history":[{"count":4,"href":"https:\/\/conocersevilla.com\/wp\/wp-json\/wp\/v2\/posts\/8219\/revisions"}],"predecessor-version":[{"id":8234,"href":"https:\/\/conocersevilla.com\/wp\/wp-json\/wp\/v2\/posts\/8219\/revisions\/8234"}],"wp:featuredmedia":[{"embeddable":true,"href":"https:\/\/conocersevilla.com\/wp\/wp-json\/wp\/v2\/media\/8220"}],"wp:attachment":[{"href":"https:\/\/conocersevilla.com\/wp\/wp-json\/wp\/v2\/media?parent=8219"}],"wp:term":[{"taxonomy":"category","embeddable":true,"href":"https:\/\/conocersevilla.com\/wp\/wp-json\/wp\/v2\/categories?post=8219"},{"taxonomy":"post_tag","embeddable":true,"href":"https:\/\/conocersevilla.com\/wp\/wp-json\/wp\/v2\/tags?post=8219"}],"curies":[{"name":"wp","href":"https:\/\/api.w.org\/{rel}","templated":true}]}}