{"id":2669,"date":"2021-12-21T12:50:34","date_gmt":"2021-12-21T11:50:34","guid":{"rendered":"https:\/\/conocersevilla.com\/wp\/?p=2669"},"modified":"2025-01-14T03:18:16","modified_gmt":"2025-01-14T02:18:16","slug":"valdes-leal","status":"publish","type":"post","link":"https:\/\/conocersevilla.com\/wp\/valdes-leal\/","title":{"rendered":"Vald\u00e9s Leal"},"content":{"rendered":"\n<p><strong>Juan de Vald\u00e9s Leal<\/strong> es uno de los grandes pintores del Siglo de Oro espa\u00f1ol y este a\u00f1o se cumplen 400 a\u00f1os de este genio de la pintura que fue bautizado en la parroquia de San Esteban de Sevilla en el mes de mayo de 1622.<\/p>\n\n\n\n<p>Vivi\u00f3 en uno de los momentos m\u00e1s importantes de la cultura en la ciudad de Sevilla y estuvo involucrado activamente dentro de la ciudad. Adem\u00e1s, no fue el \u00fanico lugar donde nos dej\u00f3 su maravilloso legado, otra ciudad donde tambi\u00e9n dej\u00f3 ejemplos de su buen hacer fue C\u00f3rdoba, que cuenta con obras de primer nivel del maestro.<\/p>\n\n\n\n<p>Tal como coment\u00e1bamos, Vald\u00e9s Leal particip\u00f3 activamente en proyectos importantes de la Sevilla de su \u00e9poca como la gran <strong>Academia de Pintura<\/strong> que exist\u00eda en la Lonja, donde mantuvo una estrecha relaci\u00f3n por ejemplo con Murillo. Otro acontecimiento importante fue la <strong>Canonizaci\u00f3n de Fernando III<\/strong>, evento de gran importancia donde trabaj\u00f3 en un primer plano y adem\u00e1s realiz\u00f3 obras en otros lugares que tuvieron relaci\u00f3n con este magno acontecimiento, un ejemplo es el maravilloso San Fernando que hoy posee la Catedral de Ja\u00e9n y que es una obra de gran calidad de nuestro autor.<\/p>\n\n\n\n<p>Trabaj\u00f3 para \u00f3rdenes religiosas importantes, un ejemplo <strong>los jesuitas<\/strong> y los <strong>jer\u00f3nimos<\/strong> en el Convento de San Jer\u00f3nimo de Buena Vista. A pesar de que las dos \u00f3rdenes tuvieron muchos problemas en \u00e9poca posterior, sus obras se han conservado en el <a href=\"https:\/\/conocersevilla.com\/wp\/museo-de-bellas-artes-de-sevilla\/\" target=\"_blank\" rel=\"noreferrer noopener\">Museo de Bellas Artes de Sevilla<\/a>. Y son un ejemplo de la gran calidad pict\u00f3rica del maestro. De estos dos conjuntos destacamos los que describen \u00abLas tentaciones de San Jer\u00f3nimo\u00bb y \u00bb la flagelaci\u00f3n de San Jer\u00f3nimo\u00bb. Y  para la Casa profesa de la <a href=\"https:\/\/es.wikipedia.org\/wiki\/Compa%C3%B1%C3%ADa_de_Jes%C3%BAs\" target=\"_blank\" rel=\"noreferrer noopener\">Compa\u00f1\u00eda de Jes\u00fas<\/a> las obras que describen la vida de San Ignacio con momentos tan importantes como la Cueva de Manresa o Quo Vadis.<\/p>\n\n\n\n<figure class=\"wp-block-image size-large\"><img data-src=\"https:\/\/conocersevilla.com\/wp\/wp-content\/uploads\/2021\/12\/FRANGELACION-DE-SAN-JERONIMO-1024x941.jpg\" alt=\"La flagelaci\u00f3n del Monastario de San Jer\u00f3nimo de Buenavista\" class=\"wp-image-2670 lazyload\" src=\"data:image\/gif;base64,R0lGODlhAQABAAAAACH5BAEKAAEALAAAAAABAAEAAAICTAEAOw==\" style=\"--smush-placeholder-width: 1024px; --smush-placeholder-aspect-ratio: 1024\/941;\" \/><noscript><img src=\"https:\/\/conocersevilla.com\/wp\/wp-content\/uploads\/2021\/12\/FRANGELACION-DE-SAN-JERONIMO-1024x941.jpg\" alt=\"La flagelaci\u00f3n del Monastario de San Jer\u00f3nimo de Buenavista\" class=\"wp-image-2670\"\/><\/noscript><\/figure>\n\n\n\n<h2><span class=\"ez-toc-section\" id=\"Obras_en_Sevilla_en_sus_lugares_originales\"><\/span>Obras en Sevilla en sus lugares originales.<span class=\"ez-toc-section-end\"><\/span><\/h2><div id=\"ez-toc-container\" class=\"ez-toc-v2_0_82_2 counter-hierarchy ez-toc-counter ez-toc-grey ez-toc-container-direction\">\n<div class=\"ez-toc-title-container\">\n<p class=\"ez-toc-title\" style=\"cursor:inherit\">Contenidos de la p\u00e1gina<\/p>\n<span class=\"ez-toc-title-toggle\"><a href=\"#\" class=\"ez-toc-pull-right ez-toc-btn ez-toc-btn-xs ez-toc-btn-default ez-toc-toggle\" aria-label=\"Alternar tabla de contenidos\"><span class=\"ez-toc-js-icon-con\"><span class=\"\"><span class=\"eztoc-hide\" style=\"display:none;\">Toggle<\/span><span class=\"ez-toc-icon-toggle-span\"><svg style=\"fill: #999;color:#999\" xmlns=\"http:\/\/www.w3.org\/2000\/svg\" class=\"list-377408\" width=\"20px\" height=\"20px\" viewBox=\"0 0 24 24\" fill=\"none\"><path d=\"M6 6H4v2h2V6zm14 0H8v2h12V6zM4 11h2v2H4v-2zm16 0H8v2h12v-2zM4 16h2v2H4v-2zm16 0H8v2h12v-2z\" fill=\"currentColor\"><\/path><\/svg><svg style=\"fill: #999;color:#999\" class=\"arrow-unsorted-368013\" xmlns=\"http:\/\/www.w3.org\/2000\/svg\" width=\"10px\" height=\"10px\" viewBox=\"0 0 24 24\" version=\"1.2\" baseProfile=\"tiny\"><path d=\"M18.2 9.3l-6.2-6.3-6.2 6.3c-.2.2-.3.4-.3.7s.1.5.3.7c.2.2.4.3.7.3h11c.3 0 .5-.1.7-.3.2-.2.3-.5.3-.7s-.1-.5-.3-.7zM5.8 14.7l6.2 6.3 6.2-6.3c.2-.2.3-.5.3-.7s-.1-.5-.3-.7c-.2-.2-.4-.3-.7-.3h-11c-.3 0-.5.1-.7.3-.2.2-.3.5-.3.7s.1.5.3.7z\"\/><\/svg><\/span><\/span><\/span><\/a><\/span><\/div>\n<nav><ul class='ez-toc-list ez-toc-list-level-1 eztoc-toggle-hide-by-default' ><li class='ez-toc-page-1 ez-toc-heading-level-2'><a class=\"ez-toc-link ez-toc-heading-1\" href=\"https:\/\/conocersevilla.com\/wp\/valdes-leal\/#Obras_en_Sevilla_en_sus_lugares_originales\" >Obras en Sevilla en sus lugares originales.<\/a><\/li><li class='ez-toc-page-1 ez-toc-heading-level-2'><a class=\"ez-toc-link ez-toc-heading-2\" href=\"https:\/\/conocersevilla.com\/wp\/valdes-leal\/#Valdes_Leal_en_Cordoba\" >Vald\u00e9s Leal en C\u00f3rdoba<\/a><\/li><li class='ez-toc-page-1 ez-toc-heading-level-2'><a class=\"ez-toc-link ez-toc-heading-3\" href=\"https:\/\/conocersevilla.com\/wp\/valdes-leal\/#Obras_en_el_extranjero\" >Obras en el extranjero<\/a><\/li><li class='ez-toc-page-1 ez-toc-heading-level-2'><a class=\"ez-toc-link ez-toc-heading-4\" href=\"https:\/\/conocersevilla.com\/wp\/valdes-leal\/#Valdes_leal_escultor\" >Vald\u00e9s leal escultor<\/a><\/li><li class='ez-toc-page-1 ez-toc-heading-level-2'><a class=\"ez-toc-link ez-toc-heading-5\" href=\"https:\/\/conocersevilla.com\/wp\/valdes-leal\/#La_Catedral_de_Sevilla_en_la_obra_de_Valdes_Leal\" >La Catedral de Sevilla en la obra de Vald\u00e9s Leal.<\/a><\/li><\/ul><\/nav><\/div>\n\n\n\n\n<p>En la ciudad de Sevilla realiz\u00f3 diversas obras de gran nivel como las pinturas que hoy se encuentran en la capilla de la <strong>hermandad de la Quinta Angustia<\/strong>, en la Real Parroquia de la Magdalena, las obras que realiza para el Hospital de los Venerables, donde destaca la pintura que realiza en la Sacrist\u00eda representando la Exaltaci\u00f3n de la cruz, adem\u00e1s de las pinturas del presbiterio en sinton\u00eda con el mensaje que deseaba transmitir Justino de Neve, fundador del inmueble.<\/p>\n\n\n\n<p>Aunque de los conjuntos que pinta en Sevilla hay uno que le dio fama y tambi\u00e9n lo marc\u00f3 con un calificativo no muy agradable, \u201c<strong>el pintor de los muertos<\/strong>\u201d. Nos referimos al conjunto de pinturas que realiza para el <a href=\"https:\/\/conocersevilla.com\/wp\/rutas-teatralizadas\/#Hospital_de_la_Caridad_Un_viaje_en_el_tiempo\" target=\"_blank\" rel=\"noreferrer noopener\">Hospital de la Caridad<\/a>. Aunque realiza varias pinturas, hay dos donde por encargo del creador de la instituci\u00f3n Miguel de Ma\u00f1ara, quer\u00eda transmitir de una forma especialmente llamativa la fugacidad de la vida, estas obras son \u201cVanitas\u201d y son de los cuadros m\u00e1s dram\u00e1ticos pintados en todo el barroco europeo.<\/p>\n\n\n\n<p>Pero adem\u00e1s tambi\u00e9n realiza para el hospital un lienzo donde se ve el fundador que va a hablar a todos los miembros de la Hermandad y un ni\u00f1o que nos solicita silencio para escucharlo. Y sobre todo una espectacular obra de exaltaci\u00f3n de la Cruz de m\u00e1s de 10 metros que se sit\u00faa en el coro de la iglesia y que podemos considerar como una de las obras maestras de nuestro protagonista. En ella interviene tambi\u00e9n su hijo Lucas Vald\u00e9s y en ella podemos apreciar la calidad art\u00edstica del autor en las expresiones, la estructura de la obra y la importancia del mensaje que nos relata y m\u00e1s si pensamos el edificio donde se realiza.<\/p>\n\n\n\n<figure class=\"wp-block-image size-large\"><img data-src=\"https:\/\/conocersevilla.com\/wp\/wp-content\/uploads\/2021\/12\/la-exaltacion-de-la-cruz-1024x491.jpg\" alt=\"La Exaltaci\u00f3n de la Cruz. Hospital de la Caridad\" class=\"wp-image-2671 lazyload\" src=\"data:image\/gif;base64,R0lGODlhAQABAAAAACH5BAEKAAEALAAAAAABAAEAAAICTAEAOw==\" style=\"--smush-placeholder-width: 1024px; --smush-placeholder-aspect-ratio: 1024\/491;\" \/><noscript><img src=\"https:\/\/conocersevilla.com\/wp\/wp-content\/uploads\/2021\/12\/la-exaltacion-de-la-cruz-1024x491.jpg\" alt=\"La Exaltaci\u00f3n de la Cruz. Hospital de la Caridad\" class=\"wp-image-2671\"\/><\/noscript><\/figure>\n\n\n\n<h2><span class=\"ez-toc-section\" id=\"Valdes_Leal_en_Cordoba\"><\/span>Vald\u00e9s Leal en C\u00f3rdoba<span class=\"ez-toc-section-end\"><\/span><\/h2>\n\n\n\n<p>Adem\u00e1s de Sevilla podemos ver obras muy significativas el artista en C\u00f3rdoba donde residi\u00f3 una temporada, especialmente destacable es la Virgen de los Plateros, hoy en el <a href=\"http:\/\/www.museosdeandalucia.es\/web\/museodebellasartesdecordoba\" target=\"_blank\" rel=\"noreferrer noopener\">Museo de Bellas Artes de C\u00f3rdoba<\/a> y de la que se realiz\u00f3 hasta interesante retablo cer\u00e1mico.<\/p>\n\n\n\n<p>Otro conjunto pintado para la ciudad califal son las pinturas que realiza para la iglesia de San Rafael, donde Vald\u00e9s Leal nos vuelve a demostrar sus grandes dotes para grandes escenarios, en este caso con la tem\u00e1tica que tiene que ver con el fundador m\u00edtico de la orden del Carmelo.<\/p>\n\n\n\n<p>Hablamos de un retablo interesante donde podemos ver las cabezas degolladas de San Juan y San Pablo. Los santos patronos de C\u00f3rdoba: San Acisclo y Santa Victoria. Y por supuesto los arc\u00e1ngeles, tan importantes en la ciudad, San Rafael y San Miguel.<\/p>\n\n\n\n<p>En la parte superior del retablo aparece la Virgen del Carmen, arropando bajo su manto a los miembros de la orden, y debajo varios lienzos donde se ve el fundador de la orden carmelita, el profeta El\u00edas.<\/p>\n\n\n\n<figure class=\"wp-block-image aligncenter size-full\"><img loading=\"lazy\" width=\"644\" height=\"362\" data-src=\"https:\/\/conocersevilla.com\/wp\/wp-content\/uploads\/2021\/12\/retablo-iglesia-carmen-cordoba-644x362-1.jpg\" alt=\"Retablo de la iglesia de San Rafael en C\u00f3rdoba.\" class=\"wp-image-2672 lazyload\" data-srcset=\"https:\/\/conocersevilla.com\/wp\/wp-content\/uploads\/2021\/12\/retablo-iglesia-carmen-cordoba-644x362-1.jpg 644w, https:\/\/conocersevilla.com\/wp\/wp-content\/uploads\/2021\/12\/retablo-iglesia-carmen-cordoba-644x362-1-600x337.jpg 600w\" data-sizes=\"(max-width: 644px) 100vw, 644px\" src=\"data:image\/gif;base64,R0lGODlhAQABAAAAACH5BAEKAAEALAAAAAABAAEAAAICTAEAOw==\" style=\"--smush-placeholder-width: 644px; --smush-placeholder-aspect-ratio: 644\/362;\" \/><noscript><img loading=\"lazy\" width=\"644\" height=\"362\" src=\"https:\/\/conocersevilla.com\/wp\/wp-content\/uploads\/2021\/12\/retablo-iglesia-carmen-cordoba-644x362-1.jpg\" alt=\"Retablo de la iglesia de San Rafael en C\u00f3rdoba.\" class=\"wp-image-2672\" srcset=\"https:\/\/conocersevilla.com\/wp\/wp-content\/uploads\/2021\/12\/retablo-iglesia-carmen-cordoba-644x362-1.jpg 644w, https:\/\/conocersevilla.com\/wp\/wp-content\/uploads\/2021\/12\/retablo-iglesia-carmen-cordoba-644x362-1-600x337.jpg 600w\" sizes=\"(max-width: 644px) 100vw, 644px\" \/><\/noscript><\/figure>\n\n\n\n<h2><span class=\"ez-toc-section\" id=\"Obras_en_el_extranjero\"><\/span>Obras en el extranjero<span class=\"ez-toc-section-end\"><\/span><\/h2>\n\n\n\n<p>Como muchos de los grandes autores, tienen algunas de sus mejores obras fuera de nuestro pa\u00eds. Especialmente significativas son dos obras, una de ellas se encuentra en la <a href=\"https:\/\/www.nationalgallery.org.uk\/\" target=\"_blank\" rel=\"noreferrer noopener\">National Gallery de Londres<\/a>, es la Inmaculada Concepci\u00f3n con dos donantes, una obra excepcional que se ha podido traer a la muestra que se est\u00e1 realizando en el Museo de Bellas Artes de Sevilla.<\/p>\n\n\n\n<p>Tambi\u00e9n debemos mencionar una maravillosa \u201cVanitas\u201d que se encuentra en el The Wadsworth Atheneum Museum of Art. Donde se aprecian todo lo que nos da el mundo y que nos aleja de la vida de la pureza y la virtud que debemos perseguir. Uno de los detalles m\u00e1s interesantes es el \u00e1ngel que crea una pompa de jab\u00f3n, otra simbolog\u00eda de como la vida es tan leve y tan fr\u00e1gil como esa pompa.<\/p>\n\n\n\n<figure class=\"wp-block-image aligncenter size-full\"><img loading=\"lazy\" width=\"500\" height=\"653\" data-src=\"https:\/\/conocersevilla.com\/wp\/wp-content\/uploads\/2021\/12\/vanitas-hartford-valdes-leal.jpg\" alt=\"Vanitas\" class=\"wp-image-2673 lazyload\" src=\"data:image\/gif;base64,R0lGODlhAQABAAAAACH5BAEKAAEALAAAAAABAAEAAAICTAEAOw==\" style=\"--smush-placeholder-width: 500px; --smush-placeholder-aspect-ratio: 500\/653;\" \/><noscript><img loading=\"lazy\" width=\"500\" height=\"653\" src=\"https:\/\/conocersevilla.com\/wp\/wp-content\/uploads\/2021\/12\/vanitas-hartford-valdes-leal.jpg\" alt=\"Vanitas\" class=\"wp-image-2673\"\/><\/noscript><\/figure>\n\n\n\n<p>Otra obra muy destacable es la \u201cAsunci\u00f3n de la Virgen\u201d de la National Gallery de Washington donde el dibujo y el color se hacen protagonista de una obra de gran calidad, con diferentes planos y su caracter\u00edstico color blanquecino para dibujar el cielo con los \u00e1ngeles tocando el arpa como s\u00edmbolo de la m\u00fasica celestial porque la Virgen est\u00e9 ascendiendo.<\/p>\n\n\n\n<p>Uno de los lienzos m\u00e1s rese\u00f1ables que est\u00e1n fuera de nuestro pa\u00eds es casi igual que una de las obras existentes en el Museo del Prado, hablamos de un Calvario de gran calidad con un escorzo maravilloso de la imagen del nazareno y detr\u00e1s las im\u00e1genes de la Virgen y San Juan consol\u00e1ndola junto con un tercer personaje. En la parte inferior derecha se encuentran el buen y el mal ladr\u00f3n y el resto de personajes que intervinieron en la crucifixi\u00f3n. La obra se encuentra en Nueva York en la Hispanic Society of America.<\/p>\n\n\n\n<figure class=\"wp-block-image size-large\"><img data-src=\"https:\/\/conocersevilla.com\/wp\/wp-content\/uploads\/2021\/12\/inmaculada-con-donantes-londres-1024x768.jpg\" alt=\"Inmaculada con donantes. National Gallery Londres.\" class=\"wp-image-2681 lazyload\" src=\"data:image\/gif;base64,R0lGODlhAQABAAAAACH5BAEKAAEALAAAAAABAAEAAAICTAEAOw==\" style=\"--smush-placeholder-width: 1024px; --smush-placeholder-aspect-ratio: 1024\/768;\" \/><noscript><img src=\"https:\/\/conocersevilla.com\/wp\/wp-content\/uploads\/2021\/12\/inmaculada-con-donantes-londres-1024x768.jpg\" alt=\"Inmaculada con donantes. National Gallery Londres.\" class=\"wp-image-2681\"\/><\/noscript><\/figure>\n\n\n\n<h2><span class=\"ez-toc-section\" id=\"Valdes_leal_escultor\"><\/span>Vald\u00e9s leal escultor<span class=\"ez-toc-section-end\"><\/span><\/h2>\n\n\n\n<p>Nuestro artista tambi\u00e9n realiz\u00f3 alguna obra y luego policrom\u00f3 otras, algo que era lo habitual en su \u00e9poca, un ejemplo de esto \u00faltimo es el San Isidoro de Arce de <a href=\"https:\/\/conocersevilla.com\/wp\/la-catedral-de-sevilla\/\" target=\"_blank\" rel=\"noreferrer noopener\">la Catedral de Sevilla<\/a>  o los \u00e1ngeles de la iglesia del Sagrario del mismo templo.<\/p>\n\n\n\n<p>Entre las obras realizadas por el artista destacamos las v\u00edrgenes del Rosario de la Caridad y de la parroquia de San Andr\u00e9s, obras de gran belleza y donde sobre todo en el ni\u00f1o de la Virgen de la Caridad podemos ver las caracter\u00edsticas de los ni\u00f1os de sus obras pict\u00f3ricas.<\/p>\n\n\n\n<h2><span class=\"ez-toc-section\" id=\"La_Catedral_de_Sevilla_en_la_obra_de_Valdes_Leal\"><\/span>La Catedral de Sevilla en la obra de Vald\u00e9s Leal.<span class=\"ez-toc-section-end\"><\/span><\/h2>\n\n\n\n<p>Vald\u00e9s Leal fue uno de los grandes pintores de la Sevilla de su tiempo y por tal motivo posee obras de primer nivel en la Seo hispalense. Vamos a destacar las que a nuestro juicio tienen mayor relevancia.<\/p>\n\n\n\n<ul><li>La liberaci\u00f3n de San Pedro por el \u00e1ngel.<\/li><\/ul>\n\n\n\n<p>Una obra de una t\u00e9cnica exquisita y seguramente el Vald\u00e9s Leal m\u00e1s caravaggista, aqu\u00ed nuestro autor ha llegado a un grande incre\u00edble de depuraci\u00f3n en su pintura, sin olvidar el dibujo y su caracter\u00edstico colorido, incorpora las nuevas t\u00e9cnicas que han llegado a Sevilla gracias a las obras de Ribera. No es el \u00fanico que intenta aplicar las nuevas tendencias, <a href=\"https:\/\/conocersevilla.com\/wp\/murillo-y-sevilla\/\" target=\"_blank\" rel=\"noreferrer noopener\">Murillo<\/a> en el cuadro de la cena de Santa Mar\u00eda la Blanca realiza algo muy similar. Pero aqu\u00ed nuestro protagonista va a llegar a las cotas m\u00e1s altas de su pintura incluso tocando las nuevas tendencias. Es maravilloso el estudio pormenorizado de la luz, los escorzos y sobre todo esa figura del \u00e1ngel que contiene todo lo m\u00e1s destacable de su pintura: Detalles, color, movimiento, calidad de las telas\u2026<\/p>\n\n\n\n<figure class=\"wp-block-image size-large\"><img data-src=\"https:\/\/conocersevilla.com\/wp\/wp-content\/uploads\/2021\/12\/San_Pedro_liberado_por_un_angel_de_Juan_de_Valdes_Leal_Catedral_de_Sevilla-1-1024x882.jpg\" alt=\"Liberaci\u00f3n de San Pedro por el \u00e1ngel. Catedral de Sevilla\" class=\"wp-image-2676 lazyload\" src=\"data:image\/gif;base64,R0lGODlhAQABAAAAACH5BAEKAAEALAAAAAABAAEAAAICTAEAOw==\" style=\"--smush-placeholder-width: 1024px; --smush-placeholder-aspect-ratio: 1024\/882;\" \/><noscript><img src=\"https:\/\/conocersevilla.com\/wp\/wp-content\/uploads\/2021\/12\/San_Pedro_liberado_por_un_angel_de_Juan_de_Valdes_Leal_Catedral_de_Sevilla-1-1024x882.jpg\" alt=\"Liberaci\u00f3n de San Pedro por el \u00e1ngel. Catedral de Sevilla\" class=\"wp-image-2676\"\/><\/noscript><\/figure>\n\n\n\n<ul><li>Los desposorios de la Virgen y San Jos\u00e9.<\/li><\/ul>\n\n\n\n<p>Estamos ante una obra donde nuestro autor vuelve a poner de relieve esa pincelada suelta y viva tan caracter\u00edstica en su producci\u00f3n, aunque su disposici\u00f3n podemos calificarla de manierista. De 1884 hasta 1902 estuvo en el <a href=\"https:\/\/es.wikipedia.org\/wiki\/Palacio_arzobispal_de_Sevilla\" target=\"_blank\" rel=\"noreferrer noopener\">Palacio arzobispal <\/a>por las obras llevadas a cabo en la catedral. Muy interesantes son como gesticulan los diversos personajes de la obra y los diferentes escorzos de los diferentes personajes, donde se nota la impronta de la Academia de la Lonja, junto con la arquitectura que refleja la escena donde podemos apreciar arcos y columnas con todo lujo de detalle.<\/p>\n\n\n\n<ul><li>Santa Mar\u00eda Magdalena, San L\u00e1zaro y Santa Marta.<\/li><\/ul>\n\n\n\n<p>Nos encontramos ante otra obra de primer nivel donde bas\u00e1ndose en sus caracter\u00edsticas m\u00e1s habituales; pincelada suelta, color, detalle\u2026va a llegar a un nivel que superar\u00e1 en pocas obras. Observamos la casulla, donde se aprecian hasta los bustos de las im\u00e1genes bordadas, el detalle del crucifijo y sobre todo las expresiones de los protagonistas, todas diferentes, pero con un virtuosismo que nos refleja la calidad de su pintura. Contrasta la fuerza con que la Magdalena sujeta el crucifijo y la delicadeza con que Santa Marta hace pasar las hojas del libro.<\/p>\n\n\n\n<ul><li>San Lorenzo.<\/li><\/ul>\n\n\n\n<p>Nos encontramos ante una obra no documentada pero que un\u00e1nimemente se ha calificado obra de nuestro autor. Es un cuadro que no se ha movido de su ubicaci\u00f3n original, se encuentra en el retablo de la batalla de Clavijo de <a href=\"https:\/\/es.wikipedia.org\/wiki\/Juan_de_Roelas\" target=\"_blank\" rel=\"noreferrer noopener\">Roelas<\/a>. En la parte central de la escena aparece el santo con su s\u00edmbolo de martirio y con el color rojo que es el dominante en la obra, en la parte superior aparece un \u00e1ngel que va a coronarlo con una corona de laurel como ejemplo de entrar en el cielo como un m\u00e1rtir. En la parte inferior derecha aparece la escena de su martirio y un \u00eddolo al cual se neg\u00f3 a postrarse. Destaca la calidad de la casulla del santo que es el motivo central de la obra y su caracter\u00edstica pintura \u00e1gil y suelta.<\/p>\n\n\n\n<ul><li>La imposici\u00f3n de la casulla a San Ildefonso.<\/li><\/ul>\n\n\n\n<p>Una composici\u00f3n similar en disposici\u00f3n y colocada en el retablo de la capilla de San Francisco, que est\u00e1 presidido por la exaltaci\u00f3n del santo obra de Herrera el Mozo.<\/p>\n\n\n\n<p>Es una obra donde destaca en el parte central el regalo de la casulla que es colocado al santo por la Madre de Dios. De esta obra destacamos su intenso cromatismo, otro dato importante de la obra es la parte arquitect\u00f3nica, donde se ven las escaleras, el sill\u00f3n donde se encuentra la Virgen e incluso un detalle de una tarja.<\/p>\n\n\n\n<figure class=\"wp-block-image size-full\"><img loading=\"lazy\" width=\"930\" height=\"548\" data-src=\"https:\/\/conocersevilla.com\/wp\/wp-content\/uploads\/2021\/12\/firma-valdes-leal.jpg\" alt=\"\nFirma de Vald\u00e9s Leal\" class=\"wp-image-2677 lazyload\" data-srcset=\"https:\/\/conocersevilla.com\/wp\/wp-content\/uploads\/2021\/12\/firma-valdes-leal.jpg 930w, https:\/\/conocersevilla.com\/wp\/wp-content\/uploads\/2021\/12\/firma-valdes-leal-600x354.jpg 600w\" data-sizes=\"(max-width: 930px) 100vw, 930px\" src=\"data:image\/gif;base64,R0lGODlhAQABAAAAACH5BAEKAAEALAAAAAABAAEAAAICTAEAOw==\" style=\"--smush-placeholder-width: 930px; --smush-placeholder-aspect-ratio: 930\/548;\" \/><noscript><img loading=\"lazy\" width=\"930\" height=\"548\" src=\"https:\/\/conocersevilla.com\/wp\/wp-content\/uploads\/2021\/12\/firma-valdes-leal.jpg\" alt=\"\nFirma de Vald\u00e9s Leal\" class=\"wp-image-2677\" srcset=\"https:\/\/conocersevilla.com\/wp\/wp-content\/uploads\/2021\/12\/firma-valdes-leal.jpg 930w, https:\/\/conocersevilla.com\/wp\/wp-content\/uploads\/2021\/12\/firma-valdes-leal-600x354.jpg 600w\" sizes=\"(max-width: 930px) 100vw, 930px\" \/><\/noscript><\/figure>\n\n\n\n<p><\/p>\n","protected":false},"excerpt":{"rendered":"<p>Juan de Vald\u00e9s Leal es uno de los grandes pintores del Siglo de Oro espa\u00f1ol y este a\u00f1o se cumplen 400 a\u00f1os de este genio de la pintura que fue bautizado en la parroquia de San Esteban de Sevilla en el mes de mayo de 1622. Vivi\u00f3 en uno de los momentos m\u00e1s importantes de [&hellip;]<\/p>\n","protected":false},"author":2,"featured_media":2676,"comment_status":"closed","ping_status":"closed","sticky":false,"template":"","format":"standard","meta":{"_et_pb_use_builder":"","_et_pb_old_content":"","_et_gb_content_width":"1080"},"categories":[3,161,27,262],"tags":[134,163],"yoast_head":"<!-- This site is optimized with the Yoast SEO plugin v20.5 - https:\/\/yoast.com\/wordpress\/plugins\/seo\/ -->\n<title>Vald\u00e9s Leal - Conocer Sevilla<\/title>\n<meta name=\"description\" content=\"Juan de Vald\u00e9s Leal es uno de los grandes pintores del Siglo de Oro espa\u00f1ol y este a\u00f1o se cumplen 400 a\u00f1os de este genio de la pintura\" \/>\n<meta name=\"robots\" content=\"index, follow, max-snippet:-1, max-image-preview:large, max-video-preview:-1\" \/>\n<link rel=\"canonical\" href=\"https:\/\/conocersevilla.com\/wp\/valdes-leal\/\" \/>\n<meta property=\"og:locale\" content=\"es_ES\" \/>\n<meta property=\"og:type\" content=\"article\" \/>\n<meta property=\"og:title\" content=\"Vald\u00e9s Leal - Conocer Sevilla\" \/>\n<meta property=\"og:description\" content=\"Juan de Vald\u00e9s Leal es uno de los grandes pintores del Siglo de Oro espa\u00f1ol y este a\u00f1o se cumplen 400 a\u00f1os de este genio de la pintura\" \/>\n<meta property=\"og:url\" content=\"https:\/\/conocersevilla.com\/wp\/valdes-leal\/\" \/>\n<meta property=\"og:site_name\" content=\"Conocer Sevilla\" \/>\n<meta property=\"article:publisher\" content=\"https:\/\/www.facebook.com\/conocersevilla.rutasculturales\/\" \/>\n<meta property=\"article:published_time\" content=\"2021-12-21T11:50:34+00:00\" \/>\n<meta property=\"article:modified_time\" content=\"2025-01-14T02:18:16+00:00\" \/>\n<meta property=\"og:image\" content=\"https:\/\/conocersevilla.com\/wp\/wp-content\/uploads\/2021\/12\/San_Pedro_liberado_por_un_angel_de_Juan_de_Valdes_Leal_Catedral_de_Sevilla-1.jpg\" \/>\n\t<meta property=\"og:image:width\" content=\"2474\" \/>\n\t<meta property=\"og:image:height\" content=\"2131\" \/>\n\t<meta property=\"og:image:type\" content=\"image\/jpeg\" \/>\n<meta name=\"author\" content=\"Florencio Quintero Ceballos\" \/>\n<meta name=\"twitter:card\" content=\"summary_large_image\" \/>\n<meta name=\"twitter:creator\" content=\"@conocersevilla1\" \/>\n<meta name=\"twitter:site\" content=\"@conocersevilla1\" \/>\n<meta name=\"twitter:label1\" content=\"Escrito por\" \/>\n\t<meta name=\"twitter:data1\" content=\"Florencio Quintero Ceballos\" \/>\n\t<meta name=\"twitter:label2\" content=\"Tiempo de lectura\" \/>\n\t<meta name=\"twitter:data2\" content=\"10 minutos\" \/>\n<script type=\"application\/ld+json\" class=\"yoast-schema-graph\">{\"@context\":\"https:\/\/schema.org\",\"@graph\":[{\"@type\":\"Article\",\"@id\":\"https:\/\/conocersevilla.com\/wp\/valdes-leal\/#article\",\"isPartOf\":{\"@id\":\"https:\/\/conocersevilla.com\/wp\/valdes-leal\/\"},\"author\":{\"name\":\"Florencio Quintero Ceballos\",\"@id\":\"https:\/\/conocersevilla.com\/wp\/#\/schema\/person\/31a2ff33c56f73e1a487f4e5cee4b2bf\"},\"headline\":\"Vald\u00e9s Leal\",\"datePublished\":\"2021-12-21T11:50:34+00:00\",\"dateModified\":\"2025-01-14T02:18:16+00:00\",\"mainEntityOfPage\":{\"@id\":\"https:\/\/conocersevilla.com\/wp\/valdes-leal\/\"},\"wordCount\":1903,\"publisher\":{\"@id\":\"https:\/\/conocersevilla.com\/wp\/#organization\"},\"keywords\":[\"Museo de Bellas Artes\",\"pintura\"],\"articleSection\":[\"Blog\",\"Blog 2\",\"Personajes blog\",\"Pintores\"],\"inLanguage\":\"es\"},{\"@type\":\"WebPage\",\"@id\":\"https:\/\/conocersevilla.com\/wp\/valdes-leal\/\",\"url\":\"https:\/\/conocersevilla.com\/wp\/valdes-leal\/\",\"name\":\"Vald\u00e9s Leal - Conocer Sevilla\",\"isPartOf\":{\"@id\":\"https:\/\/conocersevilla.com\/wp\/#website\"},\"datePublished\":\"2021-12-21T11:50:34+00:00\",\"dateModified\":\"2025-01-14T02:18:16+00:00\",\"description\":\"Juan de Vald\u00e9s Leal es uno de los grandes pintores del Siglo de Oro espa\u00f1ol y este a\u00f1o se cumplen 400 a\u00f1os de este genio de la pintura\",\"breadcrumb\":{\"@id\":\"https:\/\/conocersevilla.com\/wp\/valdes-leal\/#breadcrumb\"},\"inLanguage\":\"es\",\"potentialAction\":[{\"@type\":\"ReadAction\",\"target\":[\"https:\/\/conocersevilla.com\/wp\/valdes-leal\/\"]}]},{\"@type\":\"BreadcrumbList\",\"@id\":\"https:\/\/conocersevilla.com\/wp\/valdes-leal\/#breadcrumb\",\"itemListElement\":[{\"@type\":\"ListItem\",\"position\":1,\"name\":\"Portada\",\"item\":\"https:\/\/conocersevilla.com\/wp\/\"},{\"@type\":\"ListItem\",\"position\":2,\"name\":\"Vald\u00e9s Leal\"}]},{\"@type\":\"WebSite\",\"@id\":\"https:\/\/conocersevilla.com\/wp\/#website\",\"url\":\"https:\/\/conocersevilla.com\/wp\/\",\"name\":\"Conocer Sevilla\",\"description\":\"Informaci\u00f3n, Eventos,  Actividades y Rutas\",\"publisher\":{\"@id\":\"https:\/\/conocersevilla.com\/wp\/#organization\"},\"potentialAction\":[{\"@type\":\"SearchAction\",\"target\":{\"@type\":\"EntryPoint\",\"urlTemplate\":\"https:\/\/conocersevilla.com\/wp\/?s={search_term_string}\"},\"query-input\":\"required name=search_term_string\"}],\"inLanguage\":\"es\"},{\"@type\":\"Organization\",\"@id\":\"https:\/\/conocersevilla.com\/wp\/#organization\",\"name\":\"Conocer Sevilla\",\"url\":\"https:\/\/conocersevilla.com\/wp\/\",\"logo\":{\"@type\":\"ImageObject\",\"inLanguage\":\"es\",\"@id\":\"https:\/\/conocersevilla.com\/wp\/#\/schema\/logo\/image\/\",\"url\":\"https:\/\/conocersevilla.com\/wp\/wp-content\/uploads\/2018\/06\/LOGO-CONOCERSEVILLA.jpg\",\"contentUrl\":\"https:\/\/conocersevilla.com\/wp\/wp-content\/uploads\/2018\/06\/LOGO-CONOCERSEVILLA.jpg\",\"width\":601,\"height\":601,\"caption\":\"Conocer Sevilla\"},\"image\":{\"@id\":\"https:\/\/conocersevilla.com\/wp\/#\/schema\/logo\/image\/\"},\"sameAs\":[\"https:\/\/www.facebook.com\/conocersevilla.rutasculturales\/\",\"https:\/\/twitter.com\/conocersevilla1\",\"https:\/\/www.instagram.com\/conocersevilla\/\",\"https:\/\/www.youtube.com\/channel\/UCTRvK4AMIu4BsciTW7S4ymQ\/\"]},{\"@type\":\"Person\",\"@id\":\"https:\/\/conocersevilla.com\/wp\/#\/schema\/person\/31a2ff33c56f73e1a487f4e5cee4b2bf\",\"name\":\"Florencio Quintero Ceballos\",\"image\":{\"@type\":\"ImageObject\",\"inLanguage\":\"es\",\"@id\":\"https:\/\/conocersevilla.com\/wp\/#\/schema\/person\/image\/\",\"url\":\"https:\/\/secure.gravatar.com\/avatar\/a77c90e7261798c5b8942705d3d63d2c?s=96&d=mm&r=g\",\"contentUrl\":\"https:\/\/secure.gravatar.com\/avatar\/a77c90e7261798c5b8942705d3d63d2c?s=96&d=mm&r=g\",\"caption\":\"Florencio Quintero Ceballos\"},\"sameAs\":[\"http:\/\/conocersevilla.com\"]}]}<\/script>\n<!-- \/ Yoast SEO plugin. -->","yoast_head_json":{"title":"Vald\u00e9s Leal - Conocer Sevilla","description":"Juan de Vald\u00e9s Leal es uno de los grandes pintores del Siglo de Oro espa\u00f1ol y este a\u00f1o se cumplen 400 a\u00f1os de este genio de la pintura","robots":{"index":"index","follow":"follow","max-snippet":"max-snippet:-1","max-image-preview":"max-image-preview:large","max-video-preview":"max-video-preview:-1"},"canonical":"https:\/\/conocersevilla.com\/wp\/valdes-leal\/","og_locale":"es_ES","og_type":"article","og_title":"Vald\u00e9s Leal - Conocer Sevilla","og_description":"Juan de Vald\u00e9s Leal es uno de los grandes pintores del Siglo de Oro espa\u00f1ol y este a\u00f1o se cumplen 400 a\u00f1os de este genio de la pintura","og_url":"https:\/\/conocersevilla.com\/wp\/valdes-leal\/","og_site_name":"Conocer Sevilla","article_publisher":"https:\/\/www.facebook.com\/conocersevilla.rutasculturales\/","article_published_time":"2021-12-21T11:50:34+00:00","article_modified_time":"2025-01-14T02:18:16+00:00","og_image":[{"width":2474,"height":2131,"url":"https:\/\/conocersevilla.com\/wp\/wp-content\/uploads\/2021\/12\/San_Pedro_liberado_por_un_angel_de_Juan_de_Valdes_Leal_Catedral_de_Sevilla-1.jpg","type":"image\/jpeg"}],"author":"Florencio Quintero Ceballos","twitter_card":"summary_large_image","twitter_creator":"@conocersevilla1","twitter_site":"@conocersevilla1","twitter_misc":{"Escrito por":"Florencio Quintero Ceballos","Tiempo de lectura":"10 minutos"},"schema":{"@context":"https:\/\/schema.org","@graph":[{"@type":"Article","@id":"https:\/\/conocersevilla.com\/wp\/valdes-leal\/#article","isPartOf":{"@id":"https:\/\/conocersevilla.com\/wp\/valdes-leal\/"},"author":{"name":"Florencio Quintero Ceballos","@id":"https:\/\/conocersevilla.com\/wp\/#\/schema\/person\/31a2ff33c56f73e1a487f4e5cee4b2bf"},"headline":"Vald\u00e9s Leal","datePublished":"2021-12-21T11:50:34+00:00","dateModified":"2025-01-14T02:18:16+00:00","mainEntityOfPage":{"@id":"https:\/\/conocersevilla.com\/wp\/valdes-leal\/"},"wordCount":1903,"publisher":{"@id":"https:\/\/conocersevilla.com\/wp\/#organization"},"keywords":["Museo de Bellas Artes","pintura"],"articleSection":["Blog","Blog 2","Personajes blog","Pintores"],"inLanguage":"es"},{"@type":"WebPage","@id":"https:\/\/conocersevilla.com\/wp\/valdes-leal\/","url":"https:\/\/conocersevilla.com\/wp\/valdes-leal\/","name":"Vald\u00e9s Leal - Conocer Sevilla","isPartOf":{"@id":"https:\/\/conocersevilla.com\/wp\/#website"},"datePublished":"2021-12-21T11:50:34+00:00","dateModified":"2025-01-14T02:18:16+00:00","description":"Juan de Vald\u00e9s Leal es uno de los grandes pintores del Siglo de Oro espa\u00f1ol y este a\u00f1o se cumplen 400 a\u00f1os de este genio de la pintura","breadcrumb":{"@id":"https:\/\/conocersevilla.com\/wp\/valdes-leal\/#breadcrumb"},"inLanguage":"es","potentialAction":[{"@type":"ReadAction","target":["https:\/\/conocersevilla.com\/wp\/valdes-leal\/"]}]},{"@type":"BreadcrumbList","@id":"https:\/\/conocersevilla.com\/wp\/valdes-leal\/#breadcrumb","itemListElement":[{"@type":"ListItem","position":1,"name":"Portada","item":"https:\/\/conocersevilla.com\/wp\/"},{"@type":"ListItem","position":2,"name":"Vald\u00e9s Leal"}]},{"@type":"WebSite","@id":"https:\/\/conocersevilla.com\/wp\/#website","url":"https:\/\/conocersevilla.com\/wp\/","name":"Conocer Sevilla","description":"Informaci\u00f3n, Eventos,  Actividades y Rutas","publisher":{"@id":"https:\/\/conocersevilla.com\/wp\/#organization"},"potentialAction":[{"@type":"SearchAction","target":{"@type":"EntryPoint","urlTemplate":"https:\/\/conocersevilla.com\/wp\/?s={search_term_string}"},"query-input":"required name=search_term_string"}],"inLanguage":"es"},{"@type":"Organization","@id":"https:\/\/conocersevilla.com\/wp\/#organization","name":"Conocer Sevilla","url":"https:\/\/conocersevilla.com\/wp\/","logo":{"@type":"ImageObject","inLanguage":"es","@id":"https:\/\/conocersevilla.com\/wp\/#\/schema\/logo\/image\/","url":"https:\/\/conocersevilla.com\/wp\/wp-content\/uploads\/2018\/06\/LOGO-CONOCERSEVILLA.jpg","contentUrl":"https:\/\/conocersevilla.com\/wp\/wp-content\/uploads\/2018\/06\/LOGO-CONOCERSEVILLA.jpg","width":601,"height":601,"caption":"Conocer Sevilla"},"image":{"@id":"https:\/\/conocersevilla.com\/wp\/#\/schema\/logo\/image\/"},"sameAs":["https:\/\/www.facebook.com\/conocersevilla.rutasculturales\/","https:\/\/twitter.com\/conocersevilla1","https:\/\/www.instagram.com\/conocersevilla\/","https:\/\/www.youtube.com\/channel\/UCTRvK4AMIu4BsciTW7S4ymQ\/"]},{"@type":"Person","@id":"https:\/\/conocersevilla.com\/wp\/#\/schema\/person\/31a2ff33c56f73e1a487f4e5cee4b2bf","name":"Florencio Quintero Ceballos","image":{"@type":"ImageObject","inLanguage":"es","@id":"https:\/\/conocersevilla.com\/wp\/#\/schema\/person\/image\/","url":"https:\/\/secure.gravatar.com\/avatar\/a77c90e7261798c5b8942705d3d63d2c?s=96&d=mm&r=g","contentUrl":"https:\/\/secure.gravatar.com\/avatar\/a77c90e7261798c5b8942705d3d63d2c?s=96&d=mm&r=g","caption":"Florencio Quintero Ceballos"},"sameAs":["http:\/\/conocersevilla.com"]}]}},"_links":{"self":[{"href":"https:\/\/conocersevilla.com\/wp\/wp-json\/wp\/v2\/posts\/2669"}],"collection":[{"href":"https:\/\/conocersevilla.com\/wp\/wp-json\/wp\/v2\/posts"}],"about":[{"href":"https:\/\/conocersevilla.com\/wp\/wp-json\/wp\/v2\/types\/post"}],"author":[{"embeddable":true,"href":"https:\/\/conocersevilla.com\/wp\/wp-json\/wp\/v2\/users\/2"}],"replies":[{"embeddable":true,"href":"https:\/\/conocersevilla.com\/wp\/wp-json\/wp\/v2\/comments?post=2669"}],"version-history":[{"count":5,"href":"https:\/\/conocersevilla.com\/wp\/wp-json\/wp\/v2\/posts\/2669\/revisions"}],"predecessor-version":[{"id":4154,"href":"https:\/\/conocersevilla.com\/wp\/wp-json\/wp\/v2\/posts\/2669\/revisions\/4154"}],"wp:featuredmedia":[{"embeddable":true,"href":"https:\/\/conocersevilla.com\/wp\/wp-json\/wp\/v2\/media\/2676"}],"wp:attachment":[{"href":"https:\/\/conocersevilla.com\/wp\/wp-json\/wp\/v2\/media?parent=2669"}],"wp:term":[{"taxonomy":"category","embeddable":true,"href":"https:\/\/conocersevilla.com\/wp\/wp-json\/wp\/v2\/categories?post=2669"},{"taxonomy":"post_tag","embeddable":true,"href":"https:\/\/conocersevilla.com\/wp\/wp-json\/wp\/v2\/tags?post=2669"}],"curies":[{"name":"wp","href":"https:\/\/api.w.org\/{rel}","templated":true}]}}