{"id":2189,"date":"2021-05-24T19:08:29","date_gmt":"2021-05-24T18:08:29","guid":{"rendered":"https:\/\/conocersevilla.com\/wp\/?p=2189"},"modified":"2023-03-10T01:40:06","modified_gmt":"2023-03-10T00:40:06","slug":"que-se-puede-ver-en-sevilla-en-dos-dias","status":"publish","type":"post","link":"https:\/\/conocersevilla.com\/wp\/que-se-puede-ver-en-sevilla-en-dos-dias\/","title":{"rendered":"Qu\u00e9 se puede ver en Sevilla en dos d\u00edas"},"content":{"rendered":"\n<p>Una de las preguntas que nos hacemos es<strong> qu\u00e9 se puede ver en Sevilla en dos d\u00edas<\/strong>, es lo que vamos a descubrir gracias a este art\u00edculo. Nuestra idea es que disfrutemos con el <strong>patrimonio<\/strong> y la <strong>gastronom\u00eda<\/strong>, pero c\u00f3mo en tan poco tiempo podemos disfrutar de una ciudad como la nuestra.<\/p>\n\n\n\n<p>Para disfrutar de nuestra ciudad en ese periodo tenemos que valorar si se ha visitado antes Sevilla (incluso si es alguien local) o es la primera vez que alguien llega a la ciudad, comenzaremos por esa segunda hip\u00f3tesis.<\/p>\n\n\n\n<h2><span class=\"ez-toc-section\" id=\"%C2%BFQue_hacer_en_Sevilla_el_primer_dia\"><\/span>\u00bfQu\u00e9 hacer en Sevilla el primer d\u00eda?<span class=\"ez-toc-section-end\"><\/span><\/h2><div id=\"ez-toc-container\" class=\"ez-toc-v2_0_82_2 counter-hierarchy ez-toc-counter ez-toc-grey ez-toc-container-direction\">\n<div class=\"ez-toc-title-container\">\n<p class=\"ez-toc-title\" style=\"cursor:inherit\">Contenidos de la p\u00e1gina<\/p>\n<span class=\"ez-toc-title-toggle\"><a href=\"#\" class=\"ez-toc-pull-right ez-toc-btn ez-toc-btn-xs ez-toc-btn-default ez-toc-toggle\" aria-label=\"Alternar tabla de contenidos\"><span class=\"ez-toc-js-icon-con\"><span class=\"\"><span class=\"eztoc-hide\" style=\"display:none;\">Toggle<\/span><span class=\"ez-toc-icon-toggle-span\"><svg style=\"fill: #999;color:#999\" xmlns=\"http:\/\/www.w3.org\/2000\/svg\" class=\"list-377408\" width=\"20px\" height=\"20px\" viewBox=\"0 0 24 24\" fill=\"none\"><path d=\"M6 6H4v2h2V6zm14 0H8v2h12V6zM4 11h2v2H4v-2zm16 0H8v2h12v-2zM4 16h2v2H4v-2zm16 0H8v2h12v-2z\" fill=\"currentColor\"><\/path><\/svg><svg style=\"fill: #999;color:#999\" class=\"arrow-unsorted-368013\" xmlns=\"http:\/\/www.w3.org\/2000\/svg\" width=\"10px\" height=\"10px\" viewBox=\"0 0 24 24\" version=\"1.2\" baseProfile=\"tiny\"><path d=\"M18.2 9.3l-6.2-6.3-6.2 6.3c-.2.2-.3.4-.3.7s.1.5.3.7c.2.2.4.3.7.3h11c.3 0 .5-.1.7-.3.2-.2.3-.5.3-.7s-.1-.5-.3-.7zM5.8 14.7l6.2 6.3 6.2-6.3c.2-.2.3-.5.3-.7s-.1-.5-.3-.7c-.2-.2-.4-.3-.7-.3h-11c-.3 0-.5.1-.7.3-.2.2-.3.5-.3.7s.1.5.3.7z\"\/><\/svg><\/span><\/span><\/span><\/a><\/span><\/div>\n<nav><ul class='ez-toc-list ez-toc-list-level-1 eztoc-toggle-hide-by-default' ><li class='ez-toc-page-1 ez-toc-heading-level-2'><a class=\"ez-toc-link ez-toc-heading-1\" href=\"https:\/\/conocersevilla.com\/wp\/que-se-puede-ver-en-sevilla-en-dos-dias\/#%C2%BFQue_hacer_en_Sevilla_el_primer_dia\" >\u00bfQu\u00e9 hacer en Sevilla el primer d\u00eda?<\/a><ul class='ez-toc-list-level-3' ><li class='ez-toc-heading-level-3'><a class=\"ez-toc-link ez-toc-heading-2\" href=\"https:\/\/conocersevilla.com\/wp\/que-se-puede-ver-en-sevilla-en-dos-dias\/#La_Sevilla_del_29\" >La Sevilla del 29<\/a><\/li><li class='ez-toc-page-1 ez-toc-heading-level-3'><a class=\"ez-toc-link ez-toc-heading-3\" href=\"https:\/\/conocersevilla.com\/wp\/que-se-puede-ver-en-sevilla-en-dos-dias\/#La_Catedral_de_Sevilla\" >La Catedral de Sevilla<\/a><\/li><li class='ez-toc-page-1 ez-toc-heading-level-3'><a class=\"ez-toc-link ez-toc-heading-4\" href=\"https:\/\/conocersevilla.com\/wp\/que-se-puede-ver-en-sevilla-en-dos-dias\/#El_barrio_de_Santa_Cruz\" >El barrio de Santa Cruz<\/a><\/li><\/ul><\/li><li class='ez-toc-page-1 ez-toc-heading-level-2'><a class=\"ez-toc-link ez-toc-heading-5\" href=\"https:\/\/conocersevilla.com\/wp\/que-se-puede-ver-en-sevilla-en-dos-dias\/#%C2%BFQue_hacer_y_que_ver_el_segundo_dia_en_Sevilla\" >\u00bfQu\u00e9 hacer y que ver el segundo d\u00eda en Sevilla?<\/a><ul class='ez-toc-list-level-3' ><li class='ez-toc-heading-level-3'><a class=\"ez-toc-link ez-toc-heading-6\" href=\"https:\/\/conocersevilla.com\/wp\/que-se-puede-ver-en-sevilla-en-dos-dias\/#De_la_Macarena_a_San_Luis\" >De la Macarena a San Luis<\/a><\/li><li class='ez-toc-page-1 ez-toc-heading-level-3'><a class=\"ez-toc-link ez-toc-heading-7\" href=\"https:\/\/conocersevilla.com\/wp\/que-se-puede-ver-en-sevilla-en-dos-dias\/#El_Museo_de_Bellas_Artes_de_Sevilla\" >El Museo de Bellas Artes de Sevilla<\/a><\/li><li class='ez-toc-page-1 ez-toc-heading-level-3'><a class=\"ez-toc-link ez-toc-heading-8\" href=\"https:\/\/conocersevilla.com\/wp\/que-se-puede-ver-en-sevilla-en-dos-dias\/#Triana\" >Triana<\/a><\/li><\/ul><\/li><\/ul><\/nav><\/div>\n\n\n\n\n<h3><span class=\"ez-toc-section\" id=\"La_Sevilla_del_29\"><\/span>La Sevilla del 29<span class=\"ez-toc-section-end\"><\/span><\/h3>\n\n\n\n<p>Un primer d\u00eda lo tenemos que reservar en cualquier instante a ese gran monumento que es la <strong>plaza de Espa\u00f1a y el conjunto del parque de Mar\u00eda Luisa<\/strong> sin olvidar la plaza de Am\u00e9rica, para ayudar a comprender todos sus significados nuestra empresa tiene una ruta dedicada a la<a href=\"https:\/\/conocersevilla.com\/wp\/la-sevilla-del-29\/\" target=\"_blank\" rel=\"noreferrer noopener\"> Sevilla del 29<\/a>, donde podr\u00e1n conocer todas las claves y la importancia de la muestra que transform\u00f3 urban\u00edsticamente la parte sur de Sevilla y la convirti\u00f3 en una ciudad moderna con grandes avenidas, nuevos barrios realizados con un dise\u00f1o excepcional para el que en nuestra opini\u00f3n es el mayor genio arquitect\u00f3nico de la Espa\u00f1a del Siglo XX: <a href=\"https:\/\/es.wikipedia.org\/wiki\/An%C3%ADbal_Gonz%C3%A1lez_%C3%81lvarez-Ossorio\" target=\"_blank\" rel=\"noreferrer noopener\">An\u00edbal Gonz\u00e1lez<\/a>.<\/p>\n\n\n\n<figure class=\"wp-block-image size-full\"><img loading=\"lazy\" width=\"960\" height=\"640\" data-src=\"https:\/\/conocersevilla.com\/wp\/wp-content\/uploads\/2018\/05\/catedral-.jpg\" alt=\"conocer Sevilla visita a la catedral\" class=\"wp-image-251 lazyload\" data-srcset=\"https:\/\/conocersevilla.com\/wp\/wp-content\/uploads\/2018\/05\/catedral-.jpg 960w, https:\/\/conocersevilla.com\/wp\/wp-content\/uploads\/2018\/05\/catedral--600x400.jpg 600w\" data-sizes=\"(max-width: 960px) 100vw, 960px\" src=\"data:image\/gif;base64,R0lGODlhAQABAAAAACH5BAEKAAEALAAAAAABAAEAAAICTAEAOw==\" style=\"--smush-placeholder-width: 960px; --smush-placeholder-aspect-ratio: 960\/640;\" \/><noscript><img loading=\"lazy\" width=\"960\" height=\"640\" src=\"https:\/\/conocersevilla.com\/wp\/wp-content\/uploads\/2018\/05\/catedral-.jpg\" alt=\"conocer Sevilla visita a la catedral\" class=\"wp-image-251\" srcset=\"https:\/\/conocersevilla.com\/wp\/wp-content\/uploads\/2018\/05\/catedral-.jpg 960w, https:\/\/conocersevilla.com\/wp\/wp-content\/uploads\/2018\/05\/catedral--600x400.jpg 600w\" sizes=\"(max-width: 960px) 100vw, 960px\" \/><\/noscript><\/figure>\n\n\n\n<h3><span class=\"ez-toc-section\" id=\"La_Catedral_de_Sevilla\"><\/span>La Catedral de Sevilla<span class=\"ez-toc-section-end\"><\/span><\/h3>\n\n\n\n<p>En segundo lugar, no podemos olvidar, el que seguramente es el edificio m\u00e1s completo de la ciudad, nos referimos a la <strong>Catedral de Sevilla<\/strong>, un inmueble arquitect\u00f3nicamente maravilloso pero adem\u00e1s en su interior posee obras excepcionales de la Historia del Arte: esculturas, cuadros, altares, su \u00f3rgano, todo es fabuloso en este incre\u00edble edificio. Nosotros damos la oportunidad de poder conocerlo m\u00e1s profundamente ya sea<a href=\"https:\/\/conocersevilla.com\/wp\/la-catedral-de-sevilla\/\" target=\"_blank\" rel=\"noreferrer noopener\"> s\u00f3lo o con una visita conjunta con el segundo gran templo sevillano: La Iglesia del Salvador<\/a>. Un edificio que, desde la \u00e9poca romana, donde era una bas\u00edlica, se asienta en el <strong>centro hist\u00f3rico de Sevilla<\/strong>, despu\u00e9s de un pasado visigodo, ser mezquita aljama en la \u00e9poca Omeya hoy es un suntuoso edificio barroco con excepcionales joyas patrimoniales.<\/p>\n\n\n\n<h3><span class=\"ez-toc-section\" id=\"El_barrio_de_Santa_Cruz\"><\/span>El barrio de Santa Cruz<span class=\"ez-toc-section-end\"><\/span><\/h3>\n\n\n\n<p>Recomendamos descansar y disfrutar de <strong>la magia de la ciudad de noche<\/strong>, y en este caso de uno de los lugares m\u00e1s m\u00e1gicos que se pueden visitar: <a href=\"https:\/\/conocersevilla.com\/wp\/ruta-nocturna-por-santa-cruz\/\" target=\"_blank\" rel=\"noreferrer noopener\">\u201cEl barrio de Santa Cruz\u201d<\/a>. Recorrer sus angostas calles, descubrir sus bellas plazas y a la vez conocer su historia, leyendas y literatura es nuestra propuesta para este incre\u00edble rinc\u00f3n de la ciudad.<\/p>\n\n\n\n<figure class=\"wp-block-image size-large\"><img loading=\"lazy\" width=\"1024\" height=\"768\" data-src=\"https:\/\/conocersevilla.com\/wp\/wp-content\/uploads\/2022\/11\/barrio_santacruz_de_noche-1024x768.webp\" alt=\"barrio_santa_cruz_de_noche\" class=\"wp-image-4298 lazyload\" data-srcset=\"https:\/\/conocersevilla.com\/wp\/wp-content\/uploads\/2022\/11\/barrio_santacruz_de_noche-1024x768.webp 1024w, https:\/\/conocersevilla.com\/wp\/wp-content\/uploads\/2022\/11\/barrio_santacruz_de_noche-600x450.webp 600w, https:\/\/conocersevilla.com\/wp\/wp-content\/uploads\/2022\/11\/barrio_santacruz_de_noche-300x225.webp 300w, https:\/\/conocersevilla.com\/wp\/wp-content\/uploads\/2022\/11\/barrio_santacruz_de_noche-768x576.webp 768w, https:\/\/conocersevilla.com\/wp\/wp-content\/uploads\/2022\/11\/barrio_santacruz_de_noche-80x60.webp 80w, https:\/\/conocersevilla.com\/wp\/wp-content\/uploads\/2022\/11\/barrio_santacruz_de_noche.webp 1110w\" data-sizes=\"(max-width: 1024px) 100vw, 1024px\" src=\"data:image\/gif;base64,R0lGODlhAQABAAAAACH5BAEKAAEALAAAAAABAAEAAAICTAEAOw==\" style=\"--smush-placeholder-width: 1024px; --smush-placeholder-aspect-ratio: 1024\/768;\" \/><noscript><img loading=\"lazy\" width=\"1024\" height=\"768\" src=\"https:\/\/conocersevilla.com\/wp\/wp-content\/uploads\/2022\/11\/barrio_santacruz_de_noche-1024x768.webp\" alt=\"barrio_santa_cruz_de_noche\" class=\"wp-image-4298\" srcset=\"https:\/\/conocersevilla.com\/wp\/wp-content\/uploads\/2022\/11\/barrio_santacruz_de_noche-1024x768.webp 1024w, https:\/\/conocersevilla.com\/wp\/wp-content\/uploads\/2022\/11\/barrio_santacruz_de_noche-600x450.webp 600w, https:\/\/conocersevilla.com\/wp\/wp-content\/uploads\/2022\/11\/barrio_santacruz_de_noche-300x225.webp 300w, https:\/\/conocersevilla.com\/wp\/wp-content\/uploads\/2022\/11\/barrio_santacruz_de_noche-768x576.webp 768w, https:\/\/conocersevilla.com\/wp\/wp-content\/uploads\/2022\/11\/barrio_santacruz_de_noche-80x60.webp 80w, https:\/\/conocersevilla.com\/wp\/wp-content\/uploads\/2022\/11\/barrio_santacruz_de_noche.webp 1110w\" sizes=\"(max-width: 1024px) 100vw, 1024px\" \/><\/noscript><\/figure>\n\n\n\n<h2><span class=\"ez-toc-section\" id=\"%C2%BFQue_hacer_y_que_ver_el_segundo_dia_en_Sevilla\"><\/span>\u00bfQu\u00e9 hacer y que ver el segundo d\u00eda en Sevilla?<span class=\"ez-toc-section-end\"><\/span><\/h2>\n\n\n\n<h3><span class=\"ez-toc-section\" id=\"De_la_Macarena_a_San_Luis\"><\/span>De la Macarena a San Luis<span class=\"ez-toc-section-end\"><\/span><\/h3>\n\n\n\n<p>Pero la idea del art\u00edculo era crear <strong>un itinerario de dos d\u00edas en la ciudad<\/strong> as\u00ed que vayamos al segundo d\u00eda y comenzaremos por la parte norte, saldremos del Arco de la Macarena, donde conoceremos la bas\u00edlica que guarda la talla de la Esperanza Macarena, una de las m\u00e1s bellas esculturas realizadas en el barroco espa\u00f1ol. Adem\u00e1s recomendamos <a href=\"https:\/\/conocersevilla.com\/wp\/visita-barrio-y-museo-macarena\/\" target=\"_blank\" rel=\"noreferrer noopener\">visitar su Tesoro<\/a> donde veremos hasta los pasos montados de la Hermandad.<\/p>\n\n\n\n<figure class=\"wp-block-image size-full\"><img loading=\"lazy\" width=\"1020\" height=\"625\" data-src=\"https:\/\/conocersevilla.com\/wp\/wp-content\/uploads\/2018\/05\/b\u00f3veda-pintura-san-luis.jpg\" alt=\"visita a san Luis de los franceses\" class=\"wp-image-266 lazyload\" data-srcset=\"https:\/\/conocersevilla.com\/wp\/wp-content\/uploads\/2018\/05\/b\u00f3veda-pintura-san-luis.jpg 1020w, https:\/\/conocersevilla.com\/wp\/wp-content\/uploads\/2018\/05\/b\u00f3veda-pintura-san-luis-600x368.jpg 600w\" data-sizes=\"(max-width: 1020px) 100vw, 1020px\" src=\"data:image\/gif;base64,R0lGODlhAQABAAAAACH5BAEKAAEALAAAAAABAAEAAAICTAEAOw==\" style=\"--smush-placeholder-width: 1020px; --smush-placeholder-aspect-ratio: 1020\/625;\" \/><noscript><img loading=\"lazy\" width=\"1020\" height=\"625\" src=\"https:\/\/conocersevilla.com\/wp\/wp-content\/uploads\/2018\/05\/b\u00f3veda-pintura-san-luis.jpg\" alt=\"visita a san Luis de los franceses\" class=\"wp-image-266\" srcset=\"https:\/\/conocersevilla.com\/wp\/wp-content\/uploads\/2018\/05\/b\u00f3veda-pintura-san-luis.jpg 1020w, https:\/\/conocersevilla.com\/wp\/wp-content\/uploads\/2018\/05\/b\u00f3veda-pintura-san-luis-600x368.jpg 600w\" sizes=\"(max-width: 1020px) 100vw, 1020px\" \/><\/noscript><\/figure>\n\n\n\n<p>Nuestra propuesta ser\u00eda poder conocer el interesante museo de la Macarena con una visita. Muy cerca tenemos otra de las grandes maravillas patrimoniales de Sevilla <a href=\"https:\/\/conocersevilla.com\/wp\/san-luis-de-los-franceses\/\" target=\"_blank\" rel=\"noreferrer noopener\">la iglesia de San Luis de los franceses<\/a>, probablemente el m\u00e1s bello templo de la ciudad y que merece una pormenorizada explicaci\u00f3n para comprender su significado y lo que supuso para la Compa\u00f1\u00eda de Jes\u00fas. <\/p>\n\n\n\n<p>Esta parte de la ciudad donde nos encontramos es una de las m\u00e1s ricas monumentalmente hablando y tambi\u00e9n de las m\u00e1s desconocidas para poderla conocer en profundidad recomendamos el poder realizar una visita de la <a href=\"https:\/\/conocersevilla.com\/wp\/la-sevilla-mudejar\/\" target=\"_blank\" rel=\"noreferrer noopener\">Sevilla Mud\u00e9jar<\/a>.<\/p>\n\n\n\n<h3><span class=\"ez-toc-section\" id=\"El_Museo_de_Bellas_Artes_de_Sevilla\"><\/span>El Museo de Bellas Artes de Sevilla<span class=\"ez-toc-section-end\"><\/span><\/h3>\n\n\n\n<p>Y para la tarde, despu\u00e9s de una intensa ma\u00f1ana, no podemos dejar de visitar el que en nuestra opini\u00f3n es el gran tesoro desconocido por la mayor\u00eda, el <a href=\"https:\/\/conocersevilla.com\/wp\/museo-de-bellas-artes-de-sevilla\/\" target=\"_blank\" rel=\"noreferrer noopener\">Museo de Bellas Artes<\/a>, una colecci\u00f3n primorosa que nos har\u00e1 disfrutar en un edificio, el antiguo convento de la Merced Calzada, que por s\u00ed s\u00f3lo merece una visita.<\/p>\n\n\n\n<p>En su colecci\u00f3n podemos ver obras incre\u00edbles del Renacimiento como el San Jer\u00f3nimo de Torrigiano y las mejores colecciones del mundo de Murillo, Zurbar\u00e1n y Vald\u00e9s Leal.<\/p>\n\n\n\n<p>No podemos obviar su colecci\u00f3n de pinturas del siglo XIX y XX, donde disfrutaremos del c\u00e9lebre retrato de <a href=\"https:\/\/conocersevilla.com\/wp\/becquer-y-sevilla\/\" target=\"_blank\" rel=\"noreferrer noopener\">Gustavo Adolfo B\u00e9cquer<\/a> o las famosas Cigarreras de Gonzalo Bilbao. <\/p>\n\n\n\n<figure class=\"wp-block-image size-large\"><img data-src=\"https:\/\/conocersevilla.com\/wp\/wp-content\/uploads\/2022\/07\/Virgen_de_la_servilleta._Bartolome_Esteban_Murillo_red-1024x903.jpg\" alt=\"Viregen de la Servilleta. Museo de Bellas Artes Sevilla\" class=\"wp-image-3414 lazyload\" src=\"data:image\/gif;base64,R0lGODlhAQABAAAAACH5BAEKAAEALAAAAAABAAEAAAICTAEAOw==\" style=\"--smush-placeholder-width: 1024px; --smush-placeholder-aspect-ratio: 1024\/903;\" \/><noscript><img src=\"https:\/\/conocersevilla.com\/wp\/wp-content\/uploads\/2022\/07\/Virgen_de_la_servilleta._Bartolome_Esteban_Murillo_red-1024x903.jpg\" alt=\"Viregen de la Servilleta. Museo de Bellas Artes Sevilla\" class=\"wp-image-3414\"\/><\/noscript><figcaption>Virgen de la servilleta. Murillo.<\/figcaption><\/figure>\n\n\n\n<p>Nuestra idea no era hacer una enumeraci\u00f3n de los monumentos m\u00e1s importantes de la ciudad sino el poder de <strong>disfrutar de Sevilla<\/strong> por ejemplo <strong>un fin de semana<\/strong> o <strong>qu\u00e9 hacer en Sevilla<\/strong> para las personas que tengan un breve espacio de tiempo para visitarla.<\/p>\n\n\n\n<h3><span class=\"ez-toc-section\" id=\"Triana\"><\/span>Triana<span class=\"ez-toc-section-end\"><\/span><\/h3>\n\n\n\n<p>Dejamos para lo \u00faltimo<a href=\"https:\/\/conocersevilla.com\/wp\/conociendo-triana\/\" target=\"_blank\" rel=\"noreferrer noopener\">&nbsp;la visita al arrabal trianero<\/a>, antiguo barrio humilde, hoy un barrio donde la vivienda cuesta car\u00edsima. A\u00fan as\u00ed conserva en sus calles antiguas ese ambiente \u00fanico que nos traslada a la Sevilla de otra \u00e9poca. Sus tiendas, sus capillas donde poder visitar a las grandes devociones: la Esperanza de Triana, la Estrella\u2026incluso tiene una bas\u00edlica menor, la del Cachorro. Y una catedral, realmente no lo es, pero la Real Parroquia de Santa Ana se conoce como la Catedral de Triana. Aqu\u00ed tambi\u00e9n os damos esas dos alternativas o una visita norma, pero sobre todo una visita teatralizada nocturna que pod\u00e9is vivir los s\u00e1bados por la noche y que es toda una experiencia.<\/p>\n\n\n\n<figure class=\"wp-block-image alignwide size-full\"><img loading=\"lazy\" width=\"779\" height=\"584\" data-src=\"https:\/\/conocersevilla.com\/wp\/wp-content\/uploads\/2018\/06\/ruta-teatralizada-triana.jpg\" alt=\"ruta teatralizada triana\" class=\"wp-image-2457 lazyload\" data-srcset=\"https:\/\/conocersevilla.com\/wp\/wp-content\/uploads\/2018\/06\/ruta-teatralizada-triana.jpg 779w, https:\/\/conocersevilla.com\/wp\/wp-content\/uploads\/2018\/06\/ruta-teatralizada-triana-600x450.jpg 600w, https:\/\/conocersevilla.com\/wp\/wp-content\/uploads\/2018\/06\/ruta-teatralizada-triana-300x225.jpg 300w, https:\/\/conocersevilla.com\/wp\/wp-content\/uploads\/2018\/06\/ruta-teatralizada-triana-768x576.jpg 768w, https:\/\/conocersevilla.com\/wp\/wp-content\/uploads\/2018\/06\/ruta-teatralizada-triana-80x60.jpg 80w\" data-sizes=\"(max-width: 779px) 100vw, 779px\" src=\"data:image\/gif;base64,R0lGODlhAQABAAAAACH5BAEKAAEALAAAAAABAAEAAAICTAEAOw==\" style=\"--smush-placeholder-width: 779px; --smush-placeholder-aspect-ratio: 779\/584;\" \/><noscript><img loading=\"lazy\" width=\"779\" height=\"584\" src=\"https:\/\/conocersevilla.com\/wp\/wp-content\/uploads\/2018\/06\/ruta-teatralizada-triana.jpg\" alt=\"ruta teatralizada triana\" class=\"wp-image-2457\" srcset=\"https:\/\/conocersevilla.com\/wp\/wp-content\/uploads\/2018\/06\/ruta-teatralizada-triana.jpg 779w, https:\/\/conocersevilla.com\/wp\/wp-content\/uploads\/2018\/06\/ruta-teatralizada-triana-600x450.jpg 600w, https:\/\/conocersevilla.com\/wp\/wp-content\/uploads\/2018\/06\/ruta-teatralizada-triana-300x225.jpg 300w, https:\/\/conocersevilla.com\/wp\/wp-content\/uploads\/2018\/06\/ruta-teatralizada-triana-768x576.jpg 768w, https:\/\/conocersevilla.com\/wp\/wp-content\/uploads\/2018\/06\/ruta-teatralizada-triana-80x60.jpg 80w\" sizes=\"(max-width: 779px) 100vw, 779px\" \/><\/noscript><\/figure>\n\n\n\n<div class=\"wp-container-5 wp-block-columns alignwide are-vertically-aligned-center\">\n<div class=\"wp-container-1 wp-block-column is-vertically-aligned-center\">\n<p style=\"line-height:2\"><\/p>\n<\/div>\n\n\n\n<div class=\"wp-container-2 wp-block-column is-vertically-aligned-center\">\n<p style=\"line-height:2\"><\/p>\n<\/div>\n\n\n\n<div class=\"wp-container-4 wp-block-column is-vertically-aligned-center\">\n<div class=\"wp-container-3 wp-block-buttons\">\n<div class=\"wp-block-button has-custom-width wp-block-button__width-100\"><a class=\"wp-block-button__link has-text-color has-background\" href=\"https:\/\/conocersevilla.com\/wp\/ruta-teatralizada-en-triana\/\" style=\"background-color:#262626;color:#efefef\" target=\"_blank\" rel=\"noreferrer noopener\">Ruta teatralizada de Triana<\/a><\/div>\n<\/div>\n<\/div>\n<\/div>\n","protected":false},"excerpt":{"rendered":"<p>Una de las preguntas que nos hacemos es qu\u00e9 se puede ver en Sevilla en dos d\u00edas, es lo que vamos a descubrir gracias a este art\u00edculo. Nuestra idea es que disfrutemos con el patrimonio y la gastronom\u00eda, pero c\u00f3mo en tan poco tiempo podemos disfrutar de una ciudad como la nuestra. Para disfrutar de [&hellip;]<\/p>\n","protected":false},"author":2,"featured_media":2190,"comment_status":"closed","ping_status":"open","sticky":false,"template":"","format":"standard","meta":{"_et_pb_use_builder":"off","_et_pb_old_content":"<!-- wp:paragraph -->\n<p>Una de las preguntas que nos hacemos es<strong> qu\u00e9 se puede ver en Sevilla en dos d\u00edas<\/strong>, es lo que vamos a descubrir gracias a este art\u00edculo. Nuestra idea es que disfrutemos con el <strong>patrimonio<\/strong> y la <strong>gastronom\u00eda<\/strong>, pero c\u00f3mo en tan poco tiempo podemos disfrutar de una ciudad como la nuestra.<\/p>\n<!-- \/wp:paragraph -->\n\n<!-- wp:paragraph -->\n<p>Para disfrutar de nuestra ciudad en ese periodo tenemos que valorar si se ha visitado antes Sevilla (incluso si es alguien local) o es la primera vez que alguien llega a la ciudad, comenzaremos por esa segunda hip\u00f3tesis.<\/p>\n<!-- \/wp:paragraph -->\n\n<!-- wp:heading -->\n<h2>\u00bfQu\u00e9 hacer en Sevilla el primer d\u00eda?<\/h2>\n<!-- \/wp:heading -->\n\n<!-- wp:heading {\"level\":3} -->\n<h3>La Sevilla del 29<\/h3>\n<!-- \/wp:heading -->\n\n<!-- wp:paragraph -->\n<p>Un primer d\u00eda lo tenemos que reservar en cualquier instante a ese gran monumento que es la <strong>plaza de Espa\u00f1a y el conjunto del parque de Mar\u00eda Luisa<\/strong> sin olvidar la plaza de Am\u00e9rica, para ayudar a comprender todos sus significados nuestra empresa tiene una ruta dedicada a la<a href=\"https:\/\/conocersevilla.com\/wp\/la-sevilla-del-29\/\" target=\"_blank\" rel=\"noreferrer noopener\"> Sevilla del 29<\/a>, donde podr\u00e1n conocer todas las claves y la importancia de la muestra que transform\u00f3 urban\u00edsticamente la parte sur de Sevilla y la convirti\u00f3 en una ciudad moderna con grandes avenidas, nuevos barrios realizados con un dise\u00f1o excepcional para el que en nuestra opini\u00f3n es el mayor genio arquitect\u00f3nico de la Espa\u00f1a del Siglo XX: <a href=\"https:\/\/es.wikipedia.org\/wiki\/An%C3%ADbal_Gonz%C3%A1lez_%C3%81lvarez-Ossorio\" target=\"_blank\" rel=\"noreferrer noopener\">An\u00edbal Gonz\u00e1lez<\/a>.<\/p>\n<!-- \/wp:paragraph -->\n\n<!-- wp:image {\"id\":251,\"sizeSlug\":\"full\",\"linkDestination\":\"none\"} -->\n<figure class=\"wp-block-image size-full\"><img src=\"https:\/\/conocersevilla.com\/wp\/wp-content\/uploads\/2018\/05\/catedral-.jpg\" alt=\"conocer Sevilla visita a la catedral\" class=\"wp-image-251\"\/><\/figure>\n<!-- \/wp:image -->\n\n<!-- wp:heading {\"level\":3} -->\n<h3>La Catedral de Sevilla<\/h3>\n<!-- \/wp:heading -->\n\n<!-- wp:paragraph -->\n<p>En segundo lugar, no podemos olvidar, el que seguramente es el edificio m\u00e1s completo de la ciudad, nos referimos a la <strong>Catedral de Sevilla<\/strong>, un inmueble arquitect\u00f3nicamente maravilloso pero adem\u00e1s en su interior posee obras excepcionales de la Historia del Arte: esculturas, cuadros, altares, su \u00f3rgano, todo es fabuloso en este incre\u00edble edificio. Nosotros damos la oportunidad de poder conocerlo m\u00e1s profundamente ya sea<a href=\"https:\/\/conocersevilla.com\/wp\/la-catedral-de-sevilla\/\" target=\"_blank\" rel=\"noreferrer noopener\"> s\u00f3lo o con una visita conjunta con el segundo gran templo sevillano: La Iglesia del Salvador<\/a>. Un edificio que, desde la \u00e9poca romana, donde era una bas\u00edlica, se asienta en el <strong>centro hist\u00f3rico de Sevilla<\/strong>, despu\u00e9s de un pasado visigodo, ser mezquita aljama en la \u00e9poca Omeya hoy es un suntuoso edificio barroco con excepcionales joyas patrimoniales.<\/p>\n<!-- \/wp:paragraph -->\n\n<!-- wp:heading {\"level\":3} -->\n<h3>El barrio de Santa Cruz<\/h3>\n<!-- \/wp:heading -->\n\n<!-- wp:paragraph -->\n<p>Recomendamos descansar y disfrutar de <strong>la magia de la ciudad de noche<\/strong>, y en este caso de uno de los lugares m\u00e1s m\u00e1gicos que se pueden visitar: <a href=\"https:\/\/conocersevilla.com\/wp\/ruta-nocturna-por-santa-cruz\/\" target=\"_blank\" rel=\"noreferrer noopener\">\u201cEl barrio de Santa Cruz\u201d<\/a>. Recorrer sus angostas calles, descubrir sus bellas plazas y a la vez conocer su historia, leyendas y literatura es nuestra propuesta para este incre\u00edble rinc\u00f3n de la ciudad.<\/p>\n<!-- \/wp:paragraph -->\n\n<!-- wp:image {\"id\":4298,\"sizeSlug\":\"large\",\"linkDestination\":\"none\"} -->\n<figure class=\"wp-block-image size-large\"><img src=\"https:\/\/conocersevilla.com\/wp\/wp-content\/uploads\/2022\/11\/barrio_santacruz_de_noche-1024x768.webp\" alt=\"barrio_santa_cruz_de_noche\" class=\"wp-image-4298\"\/><\/figure>\n<!-- \/wp:image -->\n\n<!-- wp:heading -->\n<h2>\u00bfQu\u00e9 hacer y que ver el segundo d\u00eda en Sevilla?<\/h2>\n<!-- \/wp:heading -->\n\n<!-- wp:heading {\"level\":3} -->\n<h3>De la Macarena a San Luis<\/h3>\n<!-- \/wp:heading -->\n\n<!-- wp:paragraph -->\n<p>Pero la idea del art\u00edculo era crear <strong>un itinerario de dos d\u00edas en la ciudad<\/strong> as\u00ed que vayamos al segundo d\u00eda y comenzaremos por la parte norte, saldremos del Arco de la Macarena, donde conoceremos la bas\u00edlica que guarda la talla de la Esperanza Macarena, una de las m\u00e1s bellas esculturas realizadas en el barroco espa\u00f1ol. Adem\u00e1s recomendamos <a href=\"https:\/\/conocersevilla.com\/wp\/visita-barrio-y-museo-macarena\/\" target=\"_blank\" rel=\"noreferrer noopener\">visitar su Tesoro<\/a> donde veremos hasta los pasos montados de la Hermandad.<\/p>\n<!-- \/wp:paragraph -->\n\n<!-- wp:image {\"id\":266,\"sizeSlug\":\"full\",\"linkDestination\":\"none\"} -->\n<figure class=\"wp-block-image size-full\"><img src=\"https:\/\/conocersevilla.com\/wp\/wp-content\/uploads\/2018\/05\/b\u00f3veda-pintura-san-luis.jpg\" alt=\"visita a san Luis de los franceses\" class=\"wp-image-266\"\/><\/figure>\n<!-- \/wp:image -->\n\n<!-- wp:paragraph -->\n<p>Nuestra propuesta ser\u00eda poder conocer el interesante museo de la Macarena con una visita. Muy cerca tenemos otra de las grandes maravillas patrimoniales de Sevilla <a href=\"https:\/\/conocersevilla.com\/wp\/san-luis-de-los-franceses\/\" target=\"_blank\" rel=\"noreferrer noopener\">la iglesia de San Luis de los franceses<\/a>, probablemente el m\u00e1s bello templo de la ciudad y que merece una pormenorizada explicaci\u00f3n para comprender su significado y lo que supuso para la Compa\u00f1\u00eda de Jes\u00fas. <\/p>\n<!-- \/wp:paragraph -->\n\n<!-- wp:paragraph -->\n<p>Esta parte de la ciudad donde nos encontramos es una de las m\u00e1s ricas monumentalmente hablando y tambi\u00e9n de las m\u00e1s desconocidas para poderla conocer en profundidad recomendamos el poder realizar una visita de la <a href=\"https:\/\/conocersevilla.com\/wp\/la-sevilla-mudejar\/\" target=\"_blank\" rel=\"noreferrer noopener\">Sevilla Mud\u00e9jar<\/a>.<\/p>\n<!-- \/wp:paragraph -->\n\n<!-- wp:heading {\"level\":3} -->\n<h3>El Museo de Bellas Artes de Sevilla<\/h3>\n<!-- \/wp:heading -->\n\n<!-- wp:paragraph -->\n<p>Y para la tarde, despu\u00e9s de una intensa ma\u00f1ana, no podemos dejar de visitar el que en nuestra opini\u00f3n es el gran tesoro desconocido por la mayor\u00eda, el <a href=\"https:\/\/conocersevilla.com\/wp\/museo-de-bellas-artes-de-sevilla\/\" target=\"_blank\" rel=\"noreferrer noopener\">Museo de Bellas Artes<\/a>, una colecci\u00f3n primorosa que nos har\u00e1 disfrutar en un edificio, el antiguo convento de la Merced Calzada, que por s\u00ed s\u00f3lo merece una visita.<\/p>\n<!-- \/wp:paragraph -->\n\n<!-- wp:paragraph -->\n<p>En su colecci\u00f3n podemos ver obras incre\u00edbles del Renacimiento como el San Jer\u00f3nimo de Torrigiano y las mejores colecciones del mundo de Murillo, Zurbar\u00e1n y Vald\u00e9s Leal.<\/p>\n<!-- \/wp:paragraph -->\n\n<!-- wp:paragraph -->\n<p>No podemos obviar su colecci\u00f3n de pinturas del siglo XIX y XX, donde disfrutaremos del c\u00e9lebre retrato de <a href=\"https:\/\/conocersevilla.com\/wp\/becquer-y-sevilla\/\" target=\"_blank\" rel=\"noreferrer noopener\">Gustavo Adolfo B\u00e9cquer<\/a> o las famosas Cigarreras de Gonzalo Bilbao. <\/p>\n<!-- \/wp:paragraph -->\n\n<!-- wp:image {\"id\":3414,\"sizeSlug\":\"large\",\"linkDestination\":\"none\"} -->\n<figure class=\"wp-block-image size-large\"><img src=\"https:\/\/conocersevilla.com\/wp\/wp-content\/uploads\/2022\/07\/Virgen_de_la_servilleta._Bartolome_Esteban_Murillo_red-1024x903.jpg\" alt=\"Viregen de la Servilleta. Museo de Bellas Artes Sevilla\" class=\"wp-image-3414\"\/><figcaption>Virgen de la servilleta. Murillo.<\/figcaption><\/figure>\n<!-- \/wp:image -->\n\n<!-- wp:paragraph -->\n<p>Nuestra idea no era hacer una enumeraci\u00f3n de los monumentos m\u00e1s importantes de la ciudad sino el poder de <strong>disfrutar de Sevilla<\/strong> por ejemplo <strong>un fin de semana<\/strong> o <strong>qu\u00e9 hacer en Sevilla<\/strong> para las personas que tengan un breve espacio de tiempo para visitarla.<\/p>\n<!-- \/wp:paragraph -->\n\n<!-- wp:heading {\"level\":3} -->\n<h3>Triana<\/h3>\n<!-- \/wp:heading -->\n\n<!-- wp:paragraph -->\n<p>Dejamos para lo \u00faltimo<a href=\"https:\/\/conocersevilla.com\/wp\/conociendo-triana\/\" target=\"_blank\" rel=\"noreferrer noopener\">&nbsp;la visita al arrabal trianero<\/a>, antiguo barrio humilde, hoy un barrio donde la vivienda cuesta car\u00edsima. A\u00fan as\u00ed conserva en sus calles antiguas ese ambiente \u00fanico que nos traslada a la Sevilla de otra \u00e9poca. Sus tiendas, sus capillas donde poder visitar a las grandes devociones: la Esperanza de Triana, la Estrella\u2026incluso tiene una bas\u00edlica menor, la del Cachorro. Y una catedral, realmente no lo es, pero la Real Parroquia de Santa Ana se conoce como la Catedral de Triana. Aqu\u00ed tambi\u00e9n os damos esas dos alternativas o una visita norma, pero sobre todo una visita teatralizada nocturna que pod\u00e9is vivir los s\u00e1bados por la noche y que es toda una experiencia.<\/p>\n<!-- \/wp:paragraph -->\n\n<!-- wp:image {\"align\":\"wide\",\"id\":2457,\"sizeSlug\":\"full\",\"linkDestination\":\"none\"} -->\n<figure class=\"wp-block-image alignwide size-full\"><img src=\"https:\/\/conocersevilla.com\/wp\/wp-content\/uploads\/2018\/06\/ruta-teatralizada-triana.jpg\" alt=\"ruta teatralizada triana\" class=\"wp-image-2457\"\/><\/figure>\n<!-- \/wp:image -->\n\n<!-- wp:columns {\"verticalAlignment\":\"center\",\"align\":\"wide\"} -->\n<div class=\"wp-block-columns alignwide are-vertically-aligned-center\"><!-- wp:column {\"verticalAlignment\":\"center\"} -->\n<div class=\"wp-block-column is-vertically-aligned-center\"><!-- wp:paragraph {\"style\":{\"typography\":{\"lineHeight\":\"2\"}}} -->\n<p style=\"line-height:2\"><\/p>\n<!-- \/wp:paragraph --><\/div>\n<!-- \/wp:column -->\n\n<!-- wp:column {\"verticalAlignment\":\"center\"} -->\n<div class=\"wp-block-column is-vertically-aligned-center\"><!-- wp:paragraph {\"style\":{\"typography\":{\"lineHeight\":\"2\"}}} -->\n<p style=\"line-height:2\"><\/p>\n<!-- \/wp:paragraph --><\/div>\n<!-- \/wp:column -->\n\n<!-- wp:column {\"verticalAlignment\":\"center\"} -->\n<div class=\"wp-block-column is-vertically-aligned-center\"><!-- wp:buttons -->\n<div class=\"wp-block-buttons\"><!-- wp:button {\"width\":100,\"style\":{\"color\":{\"background\":\"#262626\",\"text\":\"#efefef\"}}} -->\n<div class=\"wp-block-button has-custom-width wp-block-button__width-100\"><a class=\"wp-block-button__link has-text-color has-background\" href=\"https:\/\/conocersevilla.com\/wp\/ruta-teatralizada-en-triana\/\" style=\"background-color:#262626;color:#efefef\" target=\"_blank\" rel=\"noreferrer noopener\">Ruta teatralizada de Triana<\/a><\/div>\n<!-- \/wp:button --><\/div>\n<!-- \/wp:buttons --><\/div>\n<!-- \/wp:column --><\/div>\n<!-- \/wp:columns -->\n\n<!-- wp:group {\"style\":{\"spacing\":{\"padding\":{\"top\":\"30px\",\"right\":\"30px\",\"bottom\":\"30px\",\"left\":\"30px\"}}},\"layout\":{\"inherit\":false}} -->\n<div class=\"wp-block-group\" style=\"padding-top:30px;padding-right:30px;padding-bottom:30px;padding-left:30px\"><!-- wp:columns -->\n<div class=\"wp-block-columns\"><!-- wp:column {\"width\":\"50%\"} -->\n<div class=\"wp-block-column\" style=\"flex-basis:50%\"><!-- wp:columns -->\n<div class=\"wp-block-columns\"><!-- wp:column {\"width\":\"100%\"} -->\n<div class=\"wp-block-column\" style=\"flex-basis:100%\"><!-- wp:query {\"queryId\":22,\"query\":{\"perPage\":2,\"pages\":0,\"offset\":0,\"postType\":\"post\",\"order\":\"desc\",\"orderBy\":\"date\",\"author\":\"\",\"search\":\"\",\"exclude\":[],\"sticky\":\"exclude\",\"inherit\":false},\"displayLayout\":{\"type\":\"list\"}} -->\n<div class=\"wp-block-query\"><!-- wp:post-template -->\n<!-- wp:spacer {\"height\":\"200px\"} -->\n<div style=\"height:200px\" aria-hidden=\"true\" class=\"wp-block-spacer\"><\/div>\n<!-- \/wp:spacer -->\n<!-- \/wp:post-template --><\/div>\n<!-- \/wp:query --><\/div>\n<!-- \/wp:column --><\/div>\n<!-- \/wp:columns --><\/div>\n<!-- \/wp:column -->\n\n<!-- wp:column {\"width\":\"50%\"} -->\n<div class=\"wp-block-column\" style=\"flex-basis:50%\"><!-- wp:query {\"queryId\":23,\"query\":{\"perPage\":2,\"pages\":0,\"offset\":2,\"postType\":\"post\",\"order\":\"desc\",\"orderBy\":\"date\",\"author\":\"\",\"search\":\"\",\"exclude\":[],\"sticky\":\"exclude\",\"inherit\":false},\"displayLayout\":{\"type\":\"list\"}} -->\n<div class=\"wp-block-query\"><!-- wp:post-template \/--><\/div>\n<!-- \/wp:query --><\/div>\n<!-- \/wp:column --><\/div>\n<!-- \/wp:columns --><\/div>\n<!-- \/wp:group -->","_et_gb_content_width":"1080"},"categories":[3,161,124,26],"tags":[],"yoast_head":"<!-- This site is optimized with the Yoast SEO plugin v20.5 - https:\/\/yoast.com\/wordpress\/plugins\/seo\/ -->\n<title>Qu\u00e9 se puede ver en Sevilla en dos d\u00edas - Conocer Sevilla<\/title>\n<meta name=\"description\" content=\"Una de las preguntas que nos hacemos es qu\u00e9 se puede ver en Sevilla en dos d\u00edas, es lo que vamos a descubrir gracias a este art\u00edculo.\" \/>\n<meta name=\"robots\" content=\"index, follow, max-snippet:-1, max-image-preview:large, max-video-preview:-1\" \/>\n<link rel=\"canonical\" href=\"https:\/\/conocersevilla.com\/wp\/que-se-puede-ver-en-sevilla-en-dos-dias\/\" \/>\n<meta property=\"og:locale\" content=\"es_ES\" \/>\n<meta property=\"og:type\" content=\"article\" \/>\n<meta property=\"og:title\" content=\"Qu\u00e9 se puede ver en Sevilla en dos d\u00edas - Conocer Sevilla\" \/>\n<meta property=\"og:description\" content=\"Una de las preguntas que nos hacemos es qu\u00e9 se puede ver en Sevilla en dos d\u00edas, es lo que vamos a descubrir gracias a este art\u00edculo.\" \/>\n<meta property=\"og:url\" content=\"https:\/\/conocersevilla.com\/wp\/que-se-puede-ver-en-sevilla-en-dos-dias\/\" \/>\n<meta property=\"og:site_name\" content=\"Conocer Sevilla\" \/>\n<meta property=\"article:publisher\" content=\"https:\/\/www.facebook.com\/conocersevilla.rutasculturales\/\" \/>\n<meta property=\"article:published_time\" content=\"2021-05-24T18:08:29+00:00\" \/>\n<meta property=\"article:modified_time\" content=\"2023-03-10T00:40:06+00:00\" \/>\n<meta property=\"og:image\" content=\"https:\/\/conocersevilla.com\/wp\/wp-content\/uploads\/2021\/05\/que-se-puede-ver-en-sevilla-en-2-dias-plaza-Espana..jpg\" \/>\n\t<meta property=\"og:image:width\" content=\"960\" \/>\n\t<meta property=\"og:image:height\" content=\"488\" \/>\n\t<meta property=\"og:image:type\" content=\"image\/jpeg\" \/>\n<meta name=\"author\" content=\"Florencio Quintero Ceballos\" \/>\n<meta name=\"twitter:card\" content=\"summary_large_image\" \/>\n<meta name=\"twitter:creator\" content=\"@conocersevilla1\" \/>\n<meta name=\"twitter:site\" content=\"@conocersevilla1\" \/>\n<meta name=\"twitter:label1\" content=\"Escrito por\" \/>\n\t<meta name=\"twitter:data1\" content=\"Florencio Quintero Ceballos\" \/>\n\t<meta name=\"twitter:label2\" content=\"Tiempo de lectura\" \/>\n\t<meta name=\"twitter:data2\" content=\"5 minutos\" \/>\n<script type=\"application\/ld+json\" class=\"yoast-schema-graph\">{\"@context\":\"https:\/\/schema.org\",\"@graph\":[{\"@type\":\"Article\",\"@id\":\"https:\/\/conocersevilla.com\/wp\/que-se-puede-ver-en-sevilla-en-dos-dias\/#article\",\"isPartOf\":{\"@id\":\"https:\/\/conocersevilla.com\/wp\/que-se-puede-ver-en-sevilla-en-dos-dias\/\"},\"author\":{\"name\":\"Florencio Quintero Ceballos\",\"@id\":\"https:\/\/conocersevilla.com\/wp\/#\/schema\/person\/31a2ff33c56f73e1a487f4e5cee4b2bf\"},\"headline\":\"Qu\u00e9 se puede ver en Sevilla en dos d\u00edas\",\"datePublished\":\"2021-05-24T18:08:29+00:00\",\"dateModified\":\"2023-03-10T00:40:06+00:00\",\"mainEntityOfPage\":{\"@id\":\"https:\/\/conocersevilla.com\/wp\/que-se-puede-ver-en-sevilla-en-dos-dias\/\"},\"wordCount\":951,\"publisher\":{\"@id\":\"https:\/\/conocersevilla.com\/wp\/#organization\"},\"articleSection\":[\"Blog\",\"Blog 2\",\"consejos de Sevilla\",\"Monumentos blog\"],\"inLanguage\":\"es\"},{\"@type\":\"WebPage\",\"@id\":\"https:\/\/conocersevilla.com\/wp\/que-se-puede-ver-en-sevilla-en-dos-dias\/\",\"url\":\"https:\/\/conocersevilla.com\/wp\/que-se-puede-ver-en-sevilla-en-dos-dias\/\",\"name\":\"Qu\u00e9 se puede ver en Sevilla en dos d\u00edas - Conocer Sevilla\",\"isPartOf\":{\"@id\":\"https:\/\/conocersevilla.com\/wp\/#website\"},\"datePublished\":\"2021-05-24T18:08:29+00:00\",\"dateModified\":\"2023-03-10T00:40:06+00:00\",\"description\":\"Una de las preguntas que nos hacemos es qu\u00e9 se puede ver en Sevilla en dos d\u00edas, es lo que vamos a descubrir gracias a este art\u00edculo.\",\"breadcrumb\":{\"@id\":\"https:\/\/conocersevilla.com\/wp\/que-se-puede-ver-en-sevilla-en-dos-dias\/#breadcrumb\"},\"inLanguage\":\"es\",\"potentialAction\":[{\"@type\":\"ReadAction\",\"target\":[\"https:\/\/conocersevilla.com\/wp\/que-se-puede-ver-en-sevilla-en-dos-dias\/\"]}]},{\"@type\":\"BreadcrumbList\",\"@id\":\"https:\/\/conocersevilla.com\/wp\/que-se-puede-ver-en-sevilla-en-dos-dias\/#breadcrumb\",\"itemListElement\":[{\"@type\":\"ListItem\",\"position\":1,\"name\":\"Portada\",\"item\":\"https:\/\/conocersevilla.com\/wp\/\"},{\"@type\":\"ListItem\",\"position\":2,\"name\":\"Qu\u00e9 se puede ver en Sevilla en dos d\u00edas\"}]},{\"@type\":\"WebSite\",\"@id\":\"https:\/\/conocersevilla.com\/wp\/#website\",\"url\":\"https:\/\/conocersevilla.com\/wp\/\",\"name\":\"Conocer Sevilla\",\"description\":\"Informaci\u00f3n, Eventos,  Actividades y Rutas\",\"publisher\":{\"@id\":\"https:\/\/conocersevilla.com\/wp\/#organization\"},\"potentialAction\":[{\"@type\":\"SearchAction\",\"target\":{\"@type\":\"EntryPoint\",\"urlTemplate\":\"https:\/\/conocersevilla.com\/wp\/?s={search_term_string}\"},\"query-input\":\"required name=search_term_string\"}],\"inLanguage\":\"es\"},{\"@type\":\"Organization\",\"@id\":\"https:\/\/conocersevilla.com\/wp\/#organization\",\"name\":\"Conocer Sevilla\",\"url\":\"https:\/\/conocersevilla.com\/wp\/\",\"logo\":{\"@type\":\"ImageObject\",\"inLanguage\":\"es\",\"@id\":\"https:\/\/conocersevilla.com\/wp\/#\/schema\/logo\/image\/\",\"url\":\"https:\/\/conocersevilla.com\/wp\/wp-content\/uploads\/2018\/06\/LOGO-CONOCERSEVILLA.jpg\",\"contentUrl\":\"https:\/\/conocersevilla.com\/wp\/wp-content\/uploads\/2018\/06\/LOGO-CONOCERSEVILLA.jpg\",\"width\":601,\"height\":601,\"caption\":\"Conocer Sevilla\"},\"image\":{\"@id\":\"https:\/\/conocersevilla.com\/wp\/#\/schema\/logo\/image\/\"},\"sameAs\":[\"https:\/\/www.facebook.com\/conocersevilla.rutasculturales\/\",\"https:\/\/twitter.com\/conocersevilla1\",\"https:\/\/www.instagram.com\/conocersevilla\/\",\"https:\/\/www.youtube.com\/channel\/UCTRvK4AMIu4BsciTW7S4ymQ\/\"]},{\"@type\":\"Person\",\"@id\":\"https:\/\/conocersevilla.com\/wp\/#\/schema\/person\/31a2ff33c56f73e1a487f4e5cee4b2bf\",\"name\":\"Florencio Quintero Ceballos\",\"image\":{\"@type\":\"ImageObject\",\"inLanguage\":\"es\",\"@id\":\"https:\/\/conocersevilla.com\/wp\/#\/schema\/person\/image\/\",\"url\":\"https:\/\/secure.gravatar.com\/avatar\/a77c90e7261798c5b8942705d3d63d2c?s=96&d=mm&r=g\",\"contentUrl\":\"https:\/\/secure.gravatar.com\/avatar\/a77c90e7261798c5b8942705d3d63d2c?s=96&d=mm&r=g\",\"caption\":\"Florencio Quintero Ceballos\"},\"sameAs\":[\"http:\/\/conocersevilla.com\"]}]}<\/script>\n<!-- \/ Yoast SEO plugin. -->","yoast_head_json":{"title":"Qu\u00e9 se puede ver en Sevilla en dos d\u00edas - Conocer Sevilla","description":"Una de las preguntas que nos hacemos es qu\u00e9 se puede ver en Sevilla en dos d\u00edas, es lo que vamos a descubrir gracias a este art\u00edculo.","robots":{"index":"index","follow":"follow","max-snippet":"max-snippet:-1","max-image-preview":"max-image-preview:large","max-video-preview":"max-video-preview:-1"},"canonical":"https:\/\/conocersevilla.com\/wp\/que-se-puede-ver-en-sevilla-en-dos-dias\/","og_locale":"es_ES","og_type":"article","og_title":"Qu\u00e9 se puede ver en Sevilla en dos d\u00edas - Conocer Sevilla","og_description":"Una de las preguntas que nos hacemos es qu\u00e9 se puede ver en Sevilla en dos d\u00edas, es lo que vamos a descubrir gracias a este art\u00edculo.","og_url":"https:\/\/conocersevilla.com\/wp\/que-se-puede-ver-en-sevilla-en-dos-dias\/","og_site_name":"Conocer Sevilla","article_publisher":"https:\/\/www.facebook.com\/conocersevilla.rutasculturales\/","article_published_time":"2021-05-24T18:08:29+00:00","article_modified_time":"2023-03-10T00:40:06+00:00","og_image":[{"width":960,"height":488,"url":"https:\/\/conocersevilla.com\/wp\/wp-content\/uploads\/2021\/05\/que-se-puede-ver-en-sevilla-en-2-dias-plaza-Espana..jpg","type":"image\/jpeg"}],"author":"Florencio Quintero Ceballos","twitter_card":"summary_large_image","twitter_creator":"@conocersevilla1","twitter_site":"@conocersevilla1","twitter_misc":{"Escrito por":"Florencio Quintero Ceballos","Tiempo de lectura":"5 minutos"},"schema":{"@context":"https:\/\/schema.org","@graph":[{"@type":"Article","@id":"https:\/\/conocersevilla.com\/wp\/que-se-puede-ver-en-sevilla-en-dos-dias\/#article","isPartOf":{"@id":"https:\/\/conocersevilla.com\/wp\/que-se-puede-ver-en-sevilla-en-dos-dias\/"},"author":{"name":"Florencio Quintero Ceballos","@id":"https:\/\/conocersevilla.com\/wp\/#\/schema\/person\/31a2ff33c56f73e1a487f4e5cee4b2bf"},"headline":"Qu\u00e9 se puede ver en Sevilla en dos d\u00edas","datePublished":"2021-05-24T18:08:29+00:00","dateModified":"2023-03-10T00:40:06+00:00","mainEntityOfPage":{"@id":"https:\/\/conocersevilla.com\/wp\/que-se-puede-ver-en-sevilla-en-dos-dias\/"},"wordCount":951,"publisher":{"@id":"https:\/\/conocersevilla.com\/wp\/#organization"},"articleSection":["Blog","Blog 2","consejos de Sevilla","Monumentos blog"],"inLanguage":"es"},{"@type":"WebPage","@id":"https:\/\/conocersevilla.com\/wp\/que-se-puede-ver-en-sevilla-en-dos-dias\/","url":"https:\/\/conocersevilla.com\/wp\/que-se-puede-ver-en-sevilla-en-dos-dias\/","name":"Qu\u00e9 se puede ver en Sevilla en dos d\u00edas - Conocer Sevilla","isPartOf":{"@id":"https:\/\/conocersevilla.com\/wp\/#website"},"datePublished":"2021-05-24T18:08:29+00:00","dateModified":"2023-03-10T00:40:06+00:00","description":"Una de las preguntas que nos hacemos es qu\u00e9 se puede ver en Sevilla en dos d\u00edas, es lo que vamos a descubrir gracias a este art\u00edculo.","breadcrumb":{"@id":"https:\/\/conocersevilla.com\/wp\/que-se-puede-ver-en-sevilla-en-dos-dias\/#breadcrumb"},"inLanguage":"es","potentialAction":[{"@type":"ReadAction","target":["https:\/\/conocersevilla.com\/wp\/que-se-puede-ver-en-sevilla-en-dos-dias\/"]}]},{"@type":"BreadcrumbList","@id":"https:\/\/conocersevilla.com\/wp\/que-se-puede-ver-en-sevilla-en-dos-dias\/#breadcrumb","itemListElement":[{"@type":"ListItem","position":1,"name":"Portada","item":"https:\/\/conocersevilla.com\/wp\/"},{"@type":"ListItem","position":2,"name":"Qu\u00e9 se puede ver en Sevilla en dos d\u00edas"}]},{"@type":"WebSite","@id":"https:\/\/conocersevilla.com\/wp\/#website","url":"https:\/\/conocersevilla.com\/wp\/","name":"Conocer Sevilla","description":"Informaci\u00f3n, Eventos,  Actividades y Rutas","publisher":{"@id":"https:\/\/conocersevilla.com\/wp\/#organization"},"potentialAction":[{"@type":"SearchAction","target":{"@type":"EntryPoint","urlTemplate":"https:\/\/conocersevilla.com\/wp\/?s={search_term_string}"},"query-input":"required name=search_term_string"}],"inLanguage":"es"},{"@type":"Organization","@id":"https:\/\/conocersevilla.com\/wp\/#organization","name":"Conocer Sevilla","url":"https:\/\/conocersevilla.com\/wp\/","logo":{"@type":"ImageObject","inLanguage":"es","@id":"https:\/\/conocersevilla.com\/wp\/#\/schema\/logo\/image\/","url":"https:\/\/conocersevilla.com\/wp\/wp-content\/uploads\/2018\/06\/LOGO-CONOCERSEVILLA.jpg","contentUrl":"https:\/\/conocersevilla.com\/wp\/wp-content\/uploads\/2018\/06\/LOGO-CONOCERSEVILLA.jpg","width":601,"height":601,"caption":"Conocer Sevilla"},"image":{"@id":"https:\/\/conocersevilla.com\/wp\/#\/schema\/logo\/image\/"},"sameAs":["https:\/\/www.facebook.com\/conocersevilla.rutasculturales\/","https:\/\/twitter.com\/conocersevilla1","https:\/\/www.instagram.com\/conocersevilla\/","https:\/\/www.youtube.com\/channel\/UCTRvK4AMIu4BsciTW7S4ymQ\/"]},{"@type":"Person","@id":"https:\/\/conocersevilla.com\/wp\/#\/schema\/person\/31a2ff33c56f73e1a487f4e5cee4b2bf","name":"Florencio Quintero Ceballos","image":{"@type":"ImageObject","inLanguage":"es","@id":"https:\/\/conocersevilla.com\/wp\/#\/schema\/person\/image\/","url":"https:\/\/secure.gravatar.com\/avatar\/a77c90e7261798c5b8942705d3d63d2c?s=96&d=mm&r=g","contentUrl":"https:\/\/secure.gravatar.com\/avatar\/a77c90e7261798c5b8942705d3d63d2c?s=96&d=mm&r=g","caption":"Florencio Quintero Ceballos"},"sameAs":["http:\/\/conocersevilla.com"]}]}},"_links":{"self":[{"href":"https:\/\/conocersevilla.com\/wp\/wp-json\/wp\/v2\/posts\/2189"}],"collection":[{"href":"https:\/\/conocersevilla.com\/wp\/wp-json\/wp\/v2\/posts"}],"about":[{"href":"https:\/\/conocersevilla.com\/wp\/wp-json\/wp\/v2\/types\/post"}],"author":[{"embeddable":true,"href":"https:\/\/conocersevilla.com\/wp\/wp-json\/wp\/v2\/users\/2"}],"replies":[{"embeddable":true,"href":"https:\/\/conocersevilla.com\/wp\/wp-json\/wp\/v2\/comments?post=2189"}],"version-history":[{"count":11,"href":"https:\/\/conocersevilla.com\/wp\/wp-json\/wp\/v2\/posts\/2189\/revisions"}],"predecessor-version":[{"id":5103,"href":"https:\/\/conocersevilla.com\/wp\/wp-json\/wp\/v2\/posts\/2189\/revisions\/5103"}],"wp:featuredmedia":[{"embeddable":true,"href":"https:\/\/conocersevilla.com\/wp\/wp-json\/wp\/v2\/media\/2190"}],"wp:attachment":[{"href":"https:\/\/conocersevilla.com\/wp\/wp-json\/wp\/v2\/media?parent=2189"}],"wp:term":[{"taxonomy":"category","embeddable":true,"href":"https:\/\/conocersevilla.com\/wp\/wp-json\/wp\/v2\/categories?post=2189"},{"taxonomy":"post_tag","embeddable":true,"href":"https:\/\/conocersevilla.com\/wp\/wp-json\/wp\/v2\/tags?post=2189"}],"curies":[{"name":"wp","href":"https:\/\/api.w.org\/{rel}","templated":true}]}}