{"id":1830,"date":"2021-01-28T19:33:32","date_gmt":"2021-01-28T18:33:32","guid":{"rendered":"https:\/\/conocersevilla.com\/wp\/?p=1830"},"modified":"2025-08-16T02:10:24","modified_gmt":"2025-08-16T01:10:24","slug":"niculoso-pisano-y-la-ceramica-de-triana","status":"publish","type":"post","link":"https:\/\/conocersevilla.com\/wp\/niculoso-pisano-y-la-ceramica-de-triana\/","title":{"rendered":"Niculoso Pisano y la cer\u00e1mica de Triana"},"content":{"rendered":"\n<p>Uno de los emblemas de nuestra ciudad ha sido y es su cer\u00e1mica art\u00edstica. Nos la podemos encontrar en casi cualquier rinc\u00f3n de nuestra ciudad y los pueblos de su provincia, adem\u00e1s de en otros lugares remotos. Fabricada principalmente en el barrio de <a href=\"https:\/\/conocersevilla.com\/wp\/triana\/\" target=\"_blank\" rel=\"noreferrer noopener\">Triana<\/a>, siempre causa admiraci\u00f3n a los visitantes. La fama de la cer\u00e1mica de Triana es bien merecida, pero hoy no les queremos hablar de este arte en general sino de una personalidad clave para la historia de la cer\u00e1mica mundial que revolucion\u00f3 su t\u00e9cnica y que vino a vivir a Sevilla desde su Italia natal. Hablamos de <strong>Niculoso Francisco Pisano<\/strong>.<\/p>\n\n\n\n<p>No cabe duda sobre el origen italiano de este artista, que tradicionalmente se ha nombrado como Francisco Niculoso Pisano o Niculoso Pisano, pero que el profesor Pleguezuelo recomienda, a la luz de sus investigaciones, que se nombre como Niculoso Francisco, Pisano. Su lugar de nacimiento debi\u00f3 ser Pisa o cualquier otra localidad pr\u00f3xima, pues el artista al firmar sus obras a\u00f1ad\u00eda generalmente la palabra \u201cpisano\u201d. En aquellas tierras transcurrieron sus primeros a\u00f1os y su aprendizaje, que debi\u00f3 producirse en uno de los talleres de Faenza, Cafaggiolo o Casteldurante.<\/p>\n\n\n\n<p>Se desconoce el momento en el que el artista llega a Sevilla, aunque debi\u00f3 ser en la \u00faltima d\u00e9cada del siglo XV, asent\u00e1ndose en el barrio de Triana, centro alfarero de la ciudad. Posiblemente vino atra\u00eddo por la fama que la ciudad hab\u00eda logrado tras el descubrimiento de Am\u00e9rica y que ocasion\u00f3 el asentamiento de comerciantes, banqueros, artistas y gentes de toda condici\u00f3n y procedencia.<\/p>\n\n\n\n<p>Lo revolucionario de su t\u00e9cnica y decoraci\u00f3n debieron hacerlo famoso en poco tiempo, pues el secreto de su innovaci\u00f3n art\u00edstica fue disponer los azulejos lisos sin decorar en un panel, plasmando sobre ellos la escena de la tem\u00e1tica que se le encargara como si se tratara de un cuadro, no quedando m\u00e1s que introducir las piezas en el horno para vitrificar.<\/p>\n\n\n\n<figure class=\"wp-block-image size-large\"><img data-src=\"https:\/\/conocersevilla.com\/wp\/wp-content\/uploads\/2022\/07\/ceramica-de-la-iglesia-de-santa-ana-red-1024x509.jpg\" alt=\"Lauda sepulcral de Santa Ana\" class=\"wp-image-3396 lazyload\" src=\"data:image\/gif;base64,R0lGODlhAQABAAAAACH5BAEKAAEALAAAAAABAAEAAAICTAEAOw==\" style=\"--smush-placeholder-width: 1024px; --smush-placeholder-aspect-ratio: 1024\/509;\" \/><noscript><img src=\"https:\/\/conocersevilla.com\/wp\/wp-content\/uploads\/2022\/07\/ceramica-de-la-iglesia-de-santa-ana-red-1024x509.jpg\" alt=\"Lauda sepulcral de Santa Ana\" class=\"wp-image-3396\"\/><\/noscript><figcaption>Lauda sepulcral de \u00cd\u00f1igo L\u00f3pez. Real parroquia de Santa Ana. 1503<\/figcaption><\/figure>\n\n\n\n<p>Queda constancia en 1498 que viv\u00eda en una casa en Triana junto a Leonor Ruiz, su esposa. De 1503 data su primera obra documentada, la <strong>lauda sepulcral de \u00cd\u00f1igo L\u00f3pez<\/strong> en la Iglesia de Santa Ana de dicho arrabal, en 1504 las obras destinadas al Monasterio de <strong>Santa Paula<\/strong> (en colaboraci\u00f3n con el escultor Pedro Mill\u00e1n) y a los Reales Alc\u00e1zares sevillanos, destacando el <strong>retablo de la Visitaci\u00f3n de la Virgen<\/strong>. En su taller debi\u00f3 colaborar el ollero Diego Rodr\u00edguez de San Rom\u00e1n, qui\u00e9n aparece citado en sendos pleitos fechados en 1506 y 1510. En mayo de 1508 Niculoso y su segunda esposa, Elena del Villar, aparecen reflejados en un documento de arrendamiento por mil maraved\u00eds de una vivienda en la calle de Santa Ana (actual Pureza), lo cual viene a corroborar el aumento del nivel econ\u00f3mico del artista. En este mismo a\u00f1o nacer\u00eda su primer hijo, Juan Bautista, que tuvo padrinos de alta alcurnia, lo que viene a demostrar la estima y popularidad del pintor en los c\u00edrculos m\u00e1s elevados de la sociedad sevillana, al que en 1510 el imaginero franc\u00e9s Claudio de la Cruz har\u00eda un retrato a la genovesa del artista italiano.<\/p>\n\n\n\n<figure class=\"wp-block-image size-large\"><img loading=\"lazy\" width=\"1024\" height=\"881\" data-src=\"https:\/\/conocersevilla.com\/wp\/wp-content\/uploads\/2021\/01\/Detalle-portada-de-Santa-Paula.-Sevilla.-1504.-1024x881.jpg\" alt=\"Detalle de la portada del Convento de Santa Paula de Sevilla.\" class=\"wp-image-1832 lazyload\" data-srcset=\"https:\/\/conocersevilla.com\/wp\/wp-content\/uploads\/2021\/01\/Detalle-portada-de-Santa-Paula.-Sevilla.-1504.-1024x881.jpg 1024w, https:\/\/conocersevilla.com\/wp\/wp-content\/uploads\/2021\/01\/Detalle-portada-de-Santa-Paula.-Sevilla.-1504.-600x517.jpg 600w, https:\/\/conocersevilla.com\/wp\/wp-content\/uploads\/2021\/01\/Detalle-portada-de-Santa-Paula.-Sevilla.-1504.-300x258.jpg 300w, https:\/\/conocersevilla.com\/wp\/wp-content\/uploads\/2021\/01\/Detalle-portada-de-Santa-Paula.-Sevilla.-1504.-768x661.jpg 768w, https:\/\/conocersevilla.com\/wp\/wp-content\/uploads\/2021\/01\/Detalle-portada-de-Santa-Paula.-Sevilla.-1504.-70x60.jpg 70w, https:\/\/conocersevilla.com\/wp\/wp-content\/uploads\/2021\/01\/Detalle-portada-de-Santa-Paula.-Sevilla.-1504..jpg 1200w\" data-sizes=\"(max-width: 1024px) 100vw, 1024px\" src=\"data:image\/gif;base64,R0lGODlhAQABAAAAACH5BAEKAAEALAAAAAABAAEAAAICTAEAOw==\" style=\"--smush-placeholder-width: 1024px; --smush-placeholder-aspect-ratio: 1024\/881;\" \/><noscript><img loading=\"lazy\" width=\"1024\" height=\"881\" src=\"https:\/\/conocersevilla.com\/wp\/wp-content\/uploads\/2021\/01\/Detalle-portada-de-Santa-Paula.-Sevilla.-1504.-1024x881.jpg\" alt=\"Detalle de la portada del Convento de Santa Paula de Sevilla.\" class=\"wp-image-1832\" srcset=\"https:\/\/conocersevilla.com\/wp\/wp-content\/uploads\/2021\/01\/Detalle-portada-de-Santa-Paula.-Sevilla.-1504.-1024x881.jpg 1024w, https:\/\/conocersevilla.com\/wp\/wp-content\/uploads\/2021\/01\/Detalle-portada-de-Santa-Paula.-Sevilla.-1504.-600x517.jpg 600w, https:\/\/conocersevilla.com\/wp\/wp-content\/uploads\/2021\/01\/Detalle-portada-de-Santa-Paula.-Sevilla.-1504.-300x258.jpg 300w, https:\/\/conocersevilla.com\/wp\/wp-content\/uploads\/2021\/01\/Detalle-portada-de-Santa-Paula.-Sevilla.-1504.-768x661.jpg 768w, https:\/\/conocersevilla.com\/wp\/wp-content\/uploads\/2021\/01\/Detalle-portada-de-Santa-Paula.-Sevilla.-1504.-70x60.jpg 70w, https:\/\/conocersevilla.com\/wp\/wp-content\/uploads\/2021\/01\/Detalle-portada-de-Santa-Paula.-Sevilla.-1504..jpg 1200w\" sizes=\"(max-width: 1024px) 100vw, 1024px\" \/><\/noscript><figcaption>Detalle de la portada del Convento de Santa Paula de Sevilla. 1504.<\/figcaption><\/figure>\n\n\n\n<p>Su segundo hijo naci\u00f3 en 1511, se le impuso el nombre de Francisco. Tuvo padrinos acomodados, al igual que se sabe que Niculoso tambi\u00e9n apadrin\u00f3 a otros esclavos y vecinos de Triana. Nada se sabe de otros posibles hijos tenidos en su matrimonio.<\/p>\n\n\n\n<figure class=\"wp-block-image size-large\"><img loading=\"lazy\" width=\"650\" height=\"487\" data-src=\"https:\/\/conocersevilla.com\/wp\/wp-content\/uploads\/2021\/01\/Oratorio-de-Isabel-la-Catolica.-Niculoso-Pisano.-1504.jpg\" alt=\"Oratorio de Isabel &quot;la cat\u00f3lica&quot; en el Real Alc\u00e1zar de Sevilla. 1504\" class=\"wp-image-1833 lazyload\" data-srcset=\"https:\/\/conocersevilla.com\/wp\/wp-content\/uploads\/2021\/01\/Oratorio-de-Isabel-la-Catolica.-Niculoso-Pisano.-1504.jpg 650w, https:\/\/conocersevilla.com\/wp\/wp-content\/uploads\/2021\/01\/Oratorio-de-Isabel-la-Catolica.-Niculoso-Pisano.-1504-600x450.jpg 600w, https:\/\/conocersevilla.com\/wp\/wp-content\/uploads\/2021\/01\/Oratorio-de-Isabel-la-Catolica.-Niculoso-Pisano.-1504-300x225.jpg 300w, https:\/\/conocersevilla.com\/wp\/wp-content\/uploads\/2021\/01\/Oratorio-de-Isabel-la-Catolica.-Niculoso-Pisano.-1504-80x60.jpg 80w\" data-sizes=\"(max-width: 650px) 100vw, 650px\" src=\"data:image\/gif;base64,R0lGODlhAQABAAAAACH5BAEKAAEALAAAAAABAAEAAAICTAEAOw==\" style=\"--smush-placeholder-width: 650px; --smush-placeholder-aspect-ratio: 650\/487;\" \/><noscript><img loading=\"lazy\" width=\"650\" height=\"487\" src=\"https:\/\/conocersevilla.com\/wp\/wp-content\/uploads\/2021\/01\/Oratorio-de-Isabel-la-Catolica.-Niculoso-Pisano.-1504.jpg\" alt=\"Oratorio de Isabel &quot;la cat\u00f3lica&quot; en el Real Alc\u00e1zar de Sevilla. 1504\" class=\"wp-image-1833\" srcset=\"https:\/\/conocersevilla.com\/wp\/wp-content\/uploads\/2021\/01\/Oratorio-de-Isabel-la-Catolica.-Niculoso-Pisano.-1504.jpg 650w, https:\/\/conocersevilla.com\/wp\/wp-content\/uploads\/2021\/01\/Oratorio-de-Isabel-la-Catolica.-Niculoso-Pisano.-1504-600x450.jpg 600w, https:\/\/conocersevilla.com\/wp\/wp-content\/uploads\/2021\/01\/Oratorio-de-Isabel-la-Catolica.-Niculoso-Pisano.-1504-300x225.jpg 300w, https:\/\/conocersevilla.com\/wp\/wp-content\/uploads\/2021\/01\/Oratorio-de-Isabel-la-Catolica.-Niculoso-Pisano.-1504-80x60.jpg 80w\" sizes=\"(max-width: 650px) 100vw, 650px\" \/><\/noscript><figcaption>Oratorio de Isabel \u00abla cat\u00f3lica\u00bb en el Real Alc\u00e1zar de Sevilla. 1504.<\/figcaption><\/figure>\n\n\n\n<p>Con el trascurso del tiempo su fama fue en aumento, hasta sobrepasar los \u00e1mbitos locales, como su retablo cer\u00e1mico para el <a href=\"https:\/\/es.wikipedia.org\/wiki\/Monasterio_de_Tentud%C3%ADa\" target=\"_blank\" rel=\"noreferrer noopener\">Monasterio de Tentud\u00eda<\/a>, en Calera de Le\u00f3n (Badajoz) (1518), obras para el Palacio de los Condes del Real, en Valencia o la iglesia parroquial de Flores de \u00c1vila (1526), su \u00faltima obra conocida. Tres a\u00f1os despu\u00e9s, en julio de 1529, su mujer Elena del Villar se compromete a pagar el tributo por las casas que su marido \u2013difunto que Dios aya- alquil\u00f3 en Triana, por lo que deducimos que debi\u00f3 morir pocos meses antes.<\/p>\n\n\n\n<p>Fueron treinta a\u00f1os aproximadamente los que Niculoso vivi\u00f3 en Sevilla. En este espacio de tiempo se encarg\u00f3 de abrir nuevos caminos para la cer\u00e1mica, no solo introduciendo el azulejo de superficie plana, sino el repertorio decorativo de grutescos, que no aparecer\u00eda en ninguna decoraci\u00f3n sevillana hasta pasados algo m\u00e1s de veinte a\u00f1os, contribuyendo de forma decisiva a la implantaci\u00f3n del Renacimiento en nuestra ciudad. A su taller debieron acudir muchos j\u00f3venes deseosos de ser instruidos en la nueva t\u00e9cnica cer\u00e1mica, algunos de los cuales llegar\u00edan a ser expertos, formar taller por cuenta propia y ser considerados maestros del oficio.<\/p>\n\n\n\n<p>Disc\u00edpulo aventajado de Niculoso debi\u00f3 ser su propio hijo, Juan Bautista. La trasmisi\u00f3n del oficio de padres a hijos era bastante usual en la \u00e9poca. Desde peque\u00f1o, Juan Bautista estar\u00eda acostumbrado al trasiego del taller paterno, el padre le ir\u00eda instruyendo en el oficio hasta convertirse en maestro. De esta forma, a la muerte de su padre, con una edad de veinte a\u00f1os, heredar\u00eda el taller y los encargos pendientes, pero seguramente no hered\u00f3 las cualidades de su padre y su producci\u00f3n fue escasa. Al parecer se dedic\u00f3 a otras labores menos complicadas, como la producci\u00f3n de azulejos de cuenca o arista.<\/p>\n\n\n\n<figure class=\"wp-block-image size-large\"><img loading=\"lazy\" width=\"550\" height=\"577\" data-src=\"https:\/\/conocersevilla.com\/wp\/wp-content\/uploads\/2021\/01\/Virgen-con-el-nino.-Museo-de-Bellas-Artes.-decada-anos-1520.jpg\" alt=\"\" class=\"wp-image-1834 lazyload\" data-srcset=\"https:\/\/conocersevilla.com\/wp\/wp-content\/uploads\/2021\/01\/Virgen-con-el-nino.-Museo-de-Bellas-Artes.-decada-anos-1520.jpg 550w, https:\/\/conocersevilla.com\/wp\/wp-content\/uploads\/2021\/01\/Virgen-con-el-nino.-Museo-de-Bellas-Artes.-decada-anos-1520-286x300.jpg 286w, https:\/\/conocersevilla.com\/wp\/wp-content\/uploads\/2021\/01\/Virgen-con-el-nino.-Museo-de-Bellas-Artes.-decada-anos-1520-57x60.jpg 57w\" data-sizes=\"(max-width: 550px) 100vw, 550px\" src=\"data:image\/gif;base64,R0lGODlhAQABAAAAACH5BAEKAAEALAAAAAABAAEAAAICTAEAOw==\" style=\"--smush-placeholder-width: 550px; --smush-placeholder-aspect-ratio: 550\/577;\" \/><noscript><img loading=\"lazy\" width=\"550\" height=\"577\" src=\"https:\/\/conocersevilla.com\/wp\/wp-content\/uploads\/2021\/01\/Virgen-con-el-nino.-Museo-de-Bellas-Artes.-decada-anos-1520.jpg\" alt=\"\" class=\"wp-image-1834\" srcset=\"https:\/\/conocersevilla.com\/wp\/wp-content\/uploads\/2021\/01\/Virgen-con-el-nino.-Museo-de-Bellas-Artes.-decada-anos-1520.jpg 550w, https:\/\/conocersevilla.com\/wp\/wp-content\/uploads\/2021\/01\/Virgen-con-el-nino.-Museo-de-Bellas-Artes.-decada-anos-1520-286x300.jpg 286w, https:\/\/conocersevilla.com\/wp\/wp-content\/uploads\/2021\/01\/Virgen-con-el-nino.-Museo-de-Bellas-Artes.-decada-anos-1520-57x60.jpg 57w\" sizes=\"(max-width: 550px) 100vw, 550px\" \/><\/noscript><figcaption>Virgen con el ni\u00f1o Jes\u00fas. Museo de Bellas Artes de Sevilla. D\u00e9cada de 1520.<\/figcaption><\/figure>\n\n\n\n<p>Pasaron otros treinta a\u00f1os hasta encontrar producci\u00f3n de azulejos decorados al estilo pisano, pues no es hasta 1561 cuando se sabe por un contrato que firman Roque Hern\u00e1ndez y el flamenco Francisco Andrea, por el que \u00e9ste se compromete a ense\u00f1ar al primero, la t\u00e9cnica del azulejo pisano. Ellos ser\u00e1n antecedentes de la gran explosi\u00f3n del azulejo plano sevillano con la obra de <a href=\"https:\/\/es.wikipedia.org\/wiki\/Crist%C3%B3bal_de_Augusta\" target=\"_blank\" rel=\"noreferrer noopener\">Crist\u00f3bal de Augusta<\/a> para el Alc\u00e1zar sevillano, considerado el mejor conjunto de cer\u00e1mica del Renacimiento que existe en el mundo.<\/p>\n\n\n\n<p>La producci\u00f3n de Niculoso debi\u00f3 ser escasa, pues lo confirma la decena de obras que se conocen hasta la fecha. A pesar de su reducido n\u00famero y de haberse perdido casi la mitad de ellas, se aprecia una clara evoluci\u00f3n y un indiscutible perfeccionamiento con el transcurso de los a\u00f1os. En todas ellas acostumbraba a poner su nombre y la fecha de ejecuci\u00f3n, norma frecuente en los artistas del Renacimiento: \u201cNICULOSO FRANCISCO PISANO ME FECIT\u201d y el a\u00f1o escrito en n\u00fameros romanos. Cabe se\u00f1alar la diversidad de fuentes utilizadas por Niculoso para la realizaci\u00f3n de sus obras. As\u00ed, frente al claro estilo g\u00f3tico, norteeuropeo, de sus escenas y figuras, aparece un italianismo de lo m\u00e1s puro en sus decoraciones con grutescos. Para las primeras, acudi\u00f3 a grabados alemanes, a Libros de Horas franceses y en las segundas, utiliz\u00f3 los dise\u00f1os de Pinturicchio, Nicoleto Rosex de Modena y Zoan Andrea.<\/p>\n\n\n\n<p>Como homenaje y reconocimiento a esta primera figura del arte cer\u00e1mico sevillano, en el a\u00f1o 2018 la Asociaci\u00f3n Amigos de la Cer\u00e1mica \u201cNiculoso Pisano\u201d (<a href=\"http:\/\/www.asociacionpisano.es\">www.asociacionpisano.es<\/a>) coloc\u00f3 en la fachada de la actual casa n\u00famero 44 de la calle Pureza, un azulejo conmemorativo sobre su persona ya que en aquel mismo lugar instal\u00f3 su casa y taller a principios del siglo XVI.<\/p>\n\n\n\n<figure class=\"wp-block-image size-large\"><img data-src=\"https:\/\/conocersevilla.com\/wp\/wp-content\/uploads\/2022\/07\/placa-homenaje-a-Niculoso-Picaso-en-la-calle-pureza-44-red-802x1024.jpg\" alt=\"Placa en honor de Pisano en su residencia trianera\" class=\"wp-image-3393 lazyload\" src=\"data:image\/gif;base64,R0lGODlhAQABAAAAACH5BAEKAAEALAAAAAABAAEAAAICTAEAOw==\" style=\"--smush-placeholder-width: 802px; --smush-placeholder-aspect-ratio: 802\/1024;\" \/><noscript><img src=\"https:\/\/conocersevilla.com\/wp\/wp-content\/uploads\/2022\/07\/placa-homenaje-a-Niculoso-Picaso-en-la-calle-pureza-44-red-802x1024.jpg\" alt=\"Placa en honor de Pisano en su residencia trianera\" class=\"wp-image-3393\"\/><\/noscript><figcaption>Placa homenaje a Niculoso Francisco Pisano. Calle Pureza 44. Sevilla<\/figcaption><\/figure>\n\n\n\n<p>Para m\u00e1s informaci\u00f3n sobre la cer\u00e1mica art\u00edstica y la obra de este artista consulten la web: <a href=\"http:\/\/www.retabloceramico.net\">www.retabloceramico.net<\/a><\/p>\n\n\n\n<p>Manuel Pablo Rodr\u00edguez<\/p>\n","protected":false},"excerpt":{"rendered":"<p>Un interesante estudio sobre uno de los genios de la cer\u00e1mica del Renacimiento y su legado en la ciudad de Sevilla.<\/p>\n","protected":false},"author":2,"featured_media":8332,"comment_status":"closed","ping_status":"closed","sticky":false,"template":"","format":"standard","meta":{"_et_pb_use_builder":"","_et_pb_old_content":"","_et_gb_content_width":"1080"},"categories":[3,27],"tags":[],"yoast_head":"<!-- This site is optimized with the Yoast SEO plugin v20.5 - https:\/\/yoast.com\/wordpress\/plugins\/seo\/ -->\n<title>Niculoso Pisano y la cer\u00e1mica de Triana - Conocer Sevilla<\/title>\n<meta name=\"description\" content=\"Niculoso Pisano y la cer\u00e1mica de Triana es un interesante estudio sobre la figura de uno de los grandes genios de la cer\u00e1mica del Renacimient\" \/>\n<meta name=\"robots\" content=\"index, follow, max-snippet:-1, max-image-preview:large, max-video-preview:-1\" \/>\n<link rel=\"canonical\" href=\"https:\/\/conocersevilla.com\/wp\/niculoso-pisano-y-la-ceramica-de-triana\/\" \/>\n<meta property=\"og:locale\" content=\"es_ES\" \/>\n<meta property=\"og:type\" content=\"article\" \/>\n<meta property=\"og:title\" content=\"Niculoso Pisano y la cer\u00e1mica de Triana - Conocer Sevilla\" \/>\n<meta property=\"og:description\" content=\"Niculoso Pisano y la cer\u00e1mica de Triana es un interesante estudio sobre la figura de uno de los grandes genios de la cer\u00e1mica del Renacimient\" \/>\n<meta property=\"og:url\" content=\"https:\/\/conocersevilla.com\/wp\/niculoso-pisano-y-la-ceramica-de-triana\/\" \/>\n<meta property=\"og:site_name\" content=\"Conocer Sevilla\" \/>\n<meta property=\"article:publisher\" content=\"https:\/\/www.facebook.com\/conocersevilla.rutasculturales\/\" \/>\n<meta property=\"article:published_time\" content=\"2021-01-28T18:33:32+00:00\" \/>\n<meta property=\"article:modified_time\" content=\"2025-08-16T01:10:24+00:00\" \/>\n<meta property=\"og:image\" content=\"https:\/\/conocersevilla.com\/wp\/wp-content\/uploads\/2022\/12\/Santa_Paula_Sevilla_1504.webp\" \/>\n\t<meta property=\"og:image:width\" content=\"700\" \/>\n\t<meta property=\"og:image:height\" content=\"603\" \/>\n\t<meta property=\"og:image:type\" content=\"image\/webp\" \/>\n<meta name=\"author\" content=\"Florencio Quintero Ceballos\" \/>\n<meta name=\"twitter:card\" content=\"summary_large_image\" \/>\n<meta name=\"twitter:creator\" content=\"@conocersevilla1\" \/>\n<meta name=\"twitter:site\" content=\"@conocersevilla1\" \/>\n<meta name=\"twitter:label1\" content=\"Escrito por\" \/>\n\t<meta name=\"twitter:data1\" content=\"Florencio Quintero Ceballos\" \/>\n\t<meta name=\"twitter:label2\" content=\"Tiempo de lectura\" \/>\n\t<meta name=\"twitter:data2\" content=\"7 minutos\" \/>\n<script type=\"application\/ld+json\" class=\"yoast-schema-graph\">{\"@context\":\"https:\/\/schema.org\",\"@graph\":[{\"@type\":\"Article\",\"@id\":\"https:\/\/conocersevilla.com\/wp\/niculoso-pisano-y-la-ceramica-de-triana\/#article\",\"isPartOf\":{\"@id\":\"https:\/\/conocersevilla.com\/wp\/niculoso-pisano-y-la-ceramica-de-triana\/\"},\"author\":{\"name\":\"Florencio Quintero Ceballos\",\"@id\":\"https:\/\/conocersevilla.com\/wp\/#\/schema\/person\/31a2ff33c56f73e1a487f4e5cee4b2bf\"},\"headline\":\"Niculoso Pisano y la cer\u00e1mica de Triana\",\"datePublished\":\"2021-01-28T18:33:32+00:00\",\"dateModified\":\"2025-08-16T01:10:24+00:00\",\"mainEntityOfPage\":{\"@id\":\"https:\/\/conocersevilla.com\/wp\/niculoso-pisano-y-la-ceramica-de-triana\/\"},\"wordCount\":1321,\"publisher\":{\"@id\":\"https:\/\/conocersevilla.com\/wp\/#organization\"},\"articleSection\":[\"Blog\",\"Personajes blog\"],\"inLanguage\":\"es\"},{\"@type\":\"WebPage\",\"@id\":\"https:\/\/conocersevilla.com\/wp\/niculoso-pisano-y-la-ceramica-de-triana\/\",\"url\":\"https:\/\/conocersevilla.com\/wp\/niculoso-pisano-y-la-ceramica-de-triana\/\",\"name\":\"Niculoso Pisano y la cer\u00e1mica de Triana - Conocer Sevilla\",\"isPartOf\":{\"@id\":\"https:\/\/conocersevilla.com\/wp\/#website\"},\"datePublished\":\"2021-01-28T18:33:32+00:00\",\"dateModified\":\"2025-08-16T01:10:24+00:00\",\"description\":\"Niculoso Pisano y la cer\u00e1mica de Triana es un interesante estudio sobre la figura de uno de los grandes genios de la cer\u00e1mica del Renacimient\",\"breadcrumb\":{\"@id\":\"https:\/\/conocersevilla.com\/wp\/niculoso-pisano-y-la-ceramica-de-triana\/#breadcrumb\"},\"inLanguage\":\"es\",\"potentialAction\":[{\"@type\":\"ReadAction\",\"target\":[\"https:\/\/conocersevilla.com\/wp\/niculoso-pisano-y-la-ceramica-de-triana\/\"]}]},{\"@type\":\"BreadcrumbList\",\"@id\":\"https:\/\/conocersevilla.com\/wp\/niculoso-pisano-y-la-ceramica-de-triana\/#breadcrumb\",\"itemListElement\":[{\"@type\":\"ListItem\",\"position\":1,\"name\":\"Portada\",\"item\":\"https:\/\/conocersevilla.com\/wp\/\"},{\"@type\":\"ListItem\",\"position\":2,\"name\":\"Niculoso Pisano y la cer\u00e1mica de Triana\"}]},{\"@type\":\"WebSite\",\"@id\":\"https:\/\/conocersevilla.com\/wp\/#website\",\"url\":\"https:\/\/conocersevilla.com\/wp\/\",\"name\":\"Conocer Sevilla\",\"description\":\"Informaci\u00f3n, Eventos,  Actividades y Rutas\",\"publisher\":{\"@id\":\"https:\/\/conocersevilla.com\/wp\/#organization\"},\"potentialAction\":[{\"@type\":\"SearchAction\",\"target\":{\"@type\":\"EntryPoint\",\"urlTemplate\":\"https:\/\/conocersevilla.com\/wp\/?s={search_term_string}\"},\"query-input\":\"required name=search_term_string\"}],\"inLanguage\":\"es\"},{\"@type\":\"Organization\",\"@id\":\"https:\/\/conocersevilla.com\/wp\/#organization\",\"name\":\"Conocer Sevilla\",\"url\":\"https:\/\/conocersevilla.com\/wp\/\",\"logo\":{\"@type\":\"ImageObject\",\"inLanguage\":\"es\",\"@id\":\"https:\/\/conocersevilla.com\/wp\/#\/schema\/logo\/image\/\",\"url\":\"https:\/\/conocersevilla.com\/wp\/wp-content\/uploads\/2018\/06\/LOGO-CONOCERSEVILLA.jpg\",\"contentUrl\":\"https:\/\/conocersevilla.com\/wp\/wp-content\/uploads\/2018\/06\/LOGO-CONOCERSEVILLA.jpg\",\"width\":601,\"height\":601,\"caption\":\"Conocer Sevilla\"},\"image\":{\"@id\":\"https:\/\/conocersevilla.com\/wp\/#\/schema\/logo\/image\/\"},\"sameAs\":[\"https:\/\/www.facebook.com\/conocersevilla.rutasculturales\/\",\"https:\/\/twitter.com\/conocersevilla1\",\"https:\/\/www.instagram.com\/conocersevilla\/\",\"https:\/\/www.youtube.com\/channel\/UCTRvK4AMIu4BsciTW7S4ymQ\/\"]},{\"@type\":\"Person\",\"@id\":\"https:\/\/conocersevilla.com\/wp\/#\/schema\/person\/31a2ff33c56f73e1a487f4e5cee4b2bf\",\"name\":\"Florencio Quintero Ceballos\",\"image\":{\"@type\":\"ImageObject\",\"inLanguage\":\"es\",\"@id\":\"https:\/\/conocersevilla.com\/wp\/#\/schema\/person\/image\/\",\"url\":\"https:\/\/secure.gravatar.com\/avatar\/a77c90e7261798c5b8942705d3d63d2c?s=96&d=mm&r=g\",\"contentUrl\":\"https:\/\/secure.gravatar.com\/avatar\/a77c90e7261798c5b8942705d3d63d2c?s=96&d=mm&r=g\",\"caption\":\"Florencio Quintero Ceballos\"},\"sameAs\":[\"http:\/\/conocersevilla.com\"]}]}<\/script>\n<!-- \/ Yoast SEO plugin. -->","yoast_head_json":{"title":"Niculoso Pisano y la cer\u00e1mica de Triana - Conocer Sevilla","description":"Niculoso Pisano y la cer\u00e1mica de Triana es un interesante estudio sobre la figura de uno de los grandes genios de la cer\u00e1mica del Renacimient","robots":{"index":"index","follow":"follow","max-snippet":"max-snippet:-1","max-image-preview":"max-image-preview:large","max-video-preview":"max-video-preview:-1"},"canonical":"https:\/\/conocersevilla.com\/wp\/niculoso-pisano-y-la-ceramica-de-triana\/","og_locale":"es_ES","og_type":"article","og_title":"Niculoso Pisano y la cer\u00e1mica de Triana - Conocer Sevilla","og_description":"Niculoso Pisano y la cer\u00e1mica de Triana es un interesante estudio sobre la figura de uno de los grandes genios de la cer\u00e1mica del Renacimient","og_url":"https:\/\/conocersevilla.com\/wp\/niculoso-pisano-y-la-ceramica-de-triana\/","og_site_name":"Conocer Sevilla","article_publisher":"https:\/\/www.facebook.com\/conocersevilla.rutasculturales\/","article_published_time":"2021-01-28T18:33:32+00:00","article_modified_time":"2025-08-16T01:10:24+00:00","og_image":[{"width":700,"height":603,"url":"https:\/\/conocersevilla.com\/wp\/wp-content\/uploads\/2022\/12\/Santa_Paula_Sevilla_1504.webp","type":"image\/webp"}],"author":"Florencio Quintero Ceballos","twitter_card":"summary_large_image","twitter_creator":"@conocersevilla1","twitter_site":"@conocersevilla1","twitter_misc":{"Escrito por":"Florencio Quintero Ceballos","Tiempo de lectura":"7 minutos"},"schema":{"@context":"https:\/\/schema.org","@graph":[{"@type":"Article","@id":"https:\/\/conocersevilla.com\/wp\/niculoso-pisano-y-la-ceramica-de-triana\/#article","isPartOf":{"@id":"https:\/\/conocersevilla.com\/wp\/niculoso-pisano-y-la-ceramica-de-triana\/"},"author":{"name":"Florencio Quintero Ceballos","@id":"https:\/\/conocersevilla.com\/wp\/#\/schema\/person\/31a2ff33c56f73e1a487f4e5cee4b2bf"},"headline":"Niculoso Pisano y la cer\u00e1mica de Triana","datePublished":"2021-01-28T18:33:32+00:00","dateModified":"2025-08-16T01:10:24+00:00","mainEntityOfPage":{"@id":"https:\/\/conocersevilla.com\/wp\/niculoso-pisano-y-la-ceramica-de-triana\/"},"wordCount":1321,"publisher":{"@id":"https:\/\/conocersevilla.com\/wp\/#organization"},"articleSection":["Blog","Personajes blog"],"inLanguage":"es"},{"@type":"WebPage","@id":"https:\/\/conocersevilla.com\/wp\/niculoso-pisano-y-la-ceramica-de-triana\/","url":"https:\/\/conocersevilla.com\/wp\/niculoso-pisano-y-la-ceramica-de-triana\/","name":"Niculoso Pisano y la cer\u00e1mica de Triana - Conocer Sevilla","isPartOf":{"@id":"https:\/\/conocersevilla.com\/wp\/#website"},"datePublished":"2021-01-28T18:33:32+00:00","dateModified":"2025-08-16T01:10:24+00:00","description":"Niculoso Pisano y la cer\u00e1mica de Triana es un interesante estudio sobre la figura de uno de los grandes genios de la cer\u00e1mica del Renacimient","breadcrumb":{"@id":"https:\/\/conocersevilla.com\/wp\/niculoso-pisano-y-la-ceramica-de-triana\/#breadcrumb"},"inLanguage":"es","potentialAction":[{"@type":"ReadAction","target":["https:\/\/conocersevilla.com\/wp\/niculoso-pisano-y-la-ceramica-de-triana\/"]}]},{"@type":"BreadcrumbList","@id":"https:\/\/conocersevilla.com\/wp\/niculoso-pisano-y-la-ceramica-de-triana\/#breadcrumb","itemListElement":[{"@type":"ListItem","position":1,"name":"Portada","item":"https:\/\/conocersevilla.com\/wp\/"},{"@type":"ListItem","position":2,"name":"Niculoso Pisano y la cer\u00e1mica de Triana"}]},{"@type":"WebSite","@id":"https:\/\/conocersevilla.com\/wp\/#website","url":"https:\/\/conocersevilla.com\/wp\/","name":"Conocer Sevilla","description":"Informaci\u00f3n, Eventos,  Actividades y Rutas","publisher":{"@id":"https:\/\/conocersevilla.com\/wp\/#organization"},"potentialAction":[{"@type":"SearchAction","target":{"@type":"EntryPoint","urlTemplate":"https:\/\/conocersevilla.com\/wp\/?s={search_term_string}"},"query-input":"required name=search_term_string"}],"inLanguage":"es"},{"@type":"Organization","@id":"https:\/\/conocersevilla.com\/wp\/#organization","name":"Conocer Sevilla","url":"https:\/\/conocersevilla.com\/wp\/","logo":{"@type":"ImageObject","inLanguage":"es","@id":"https:\/\/conocersevilla.com\/wp\/#\/schema\/logo\/image\/","url":"https:\/\/conocersevilla.com\/wp\/wp-content\/uploads\/2018\/06\/LOGO-CONOCERSEVILLA.jpg","contentUrl":"https:\/\/conocersevilla.com\/wp\/wp-content\/uploads\/2018\/06\/LOGO-CONOCERSEVILLA.jpg","width":601,"height":601,"caption":"Conocer Sevilla"},"image":{"@id":"https:\/\/conocersevilla.com\/wp\/#\/schema\/logo\/image\/"},"sameAs":["https:\/\/www.facebook.com\/conocersevilla.rutasculturales\/","https:\/\/twitter.com\/conocersevilla1","https:\/\/www.instagram.com\/conocersevilla\/","https:\/\/www.youtube.com\/channel\/UCTRvK4AMIu4BsciTW7S4ymQ\/"]},{"@type":"Person","@id":"https:\/\/conocersevilla.com\/wp\/#\/schema\/person\/31a2ff33c56f73e1a487f4e5cee4b2bf","name":"Florencio Quintero Ceballos","image":{"@type":"ImageObject","inLanguage":"es","@id":"https:\/\/conocersevilla.com\/wp\/#\/schema\/person\/image\/","url":"https:\/\/secure.gravatar.com\/avatar\/a77c90e7261798c5b8942705d3d63d2c?s=96&d=mm&r=g","contentUrl":"https:\/\/secure.gravatar.com\/avatar\/a77c90e7261798c5b8942705d3d63d2c?s=96&d=mm&r=g","caption":"Florencio Quintero Ceballos"},"sameAs":["http:\/\/conocersevilla.com"]}]}},"_links":{"self":[{"href":"https:\/\/conocersevilla.com\/wp\/wp-json\/wp\/v2\/posts\/1830"}],"collection":[{"href":"https:\/\/conocersevilla.com\/wp\/wp-json\/wp\/v2\/posts"}],"about":[{"href":"https:\/\/conocersevilla.com\/wp\/wp-json\/wp\/v2\/types\/post"}],"author":[{"embeddable":true,"href":"https:\/\/conocersevilla.com\/wp\/wp-json\/wp\/v2\/users\/2"}],"replies":[{"embeddable":true,"href":"https:\/\/conocersevilla.com\/wp\/wp-json\/wp\/v2\/comments?post=1830"}],"version-history":[{"count":5,"href":"https:\/\/conocersevilla.com\/wp\/wp-json\/wp\/v2\/posts\/1830\/revisions"}],"predecessor-version":[{"id":3397,"href":"https:\/\/conocersevilla.com\/wp\/wp-json\/wp\/v2\/posts\/1830\/revisions\/3397"}],"wp:featuredmedia":[{"embeddable":true,"href":"https:\/\/conocersevilla.com\/wp\/wp-json\/wp\/v2\/media\/8332"}],"wp:attachment":[{"href":"https:\/\/conocersevilla.com\/wp\/wp-json\/wp\/v2\/media?parent=1830"}],"wp:term":[{"taxonomy":"category","embeddable":true,"href":"https:\/\/conocersevilla.com\/wp\/wp-json\/wp\/v2\/categories?post=1830"},{"taxonomy":"post_tag","embeddable":true,"href":"https:\/\/conocersevilla.com\/wp\/wp-json\/wp\/v2\/tags?post=1830"}],"curies":[{"name":"wp","href":"https:\/\/api.w.org\/{rel}","templated":true}]}}